{"id":6387,"date":"2017-12-18T09:00:03","date_gmt":"2017-12-18T11:00:03","guid":{"rendered":"http:\/\/www.sertsc.org.br\/site\/?p=6387"},"modified":"2017-12-18T09:00:03","modified_gmt":"2017-12-18T11:00:03","slug":"93-dos-ouvintes-de-radio-preferem-ouvir-musica-pelo-meio","status":"publish","type":"post","link":"https:\/\/sertsc.org.br\/site\/93-dos-ouvintes-de-radio-preferem-ouvir-musica-pelo-meio\/","title":{"rendered":"93% dos ouvintes de R\u00e1dio preferem ouvir m\u00fasica pelo meio"},"content":{"rendered":"<p style=\"text-align: justify;\">O\u00a0<strong>tudoradio.com<\/strong>\u00a0noticiou hoje que a Kantar Ibope Media divulgou um relat\u00f3rio mostrando que o\u00a0<strong>R\u00e1dio executou m\u00fasicas mais de 127 bilh\u00f5es vezes<\/strong>\u00a0no primeiro semestre de 2017. O levantamento foi realizado em parceria com a Crowley, empresa especializada em monitoramento eletr\u00f4nico de broadcast de \u00e1udio e tamb\u00e9m aponta outros dados importantes.<\/p>\n<p style=\"text-align: justify;\">Como complemento do relat\u00f3rio, a Kantar aponta 93% dos ouvintes preferem ouvir m\u00fasica pelo pr\u00f3prio R\u00e1dio. Essa porcentagem \u00e9 importante, pois mostra que o R\u00e1dio ainda tem a prefer\u00eancia da maioria absoluta para o consumo de m\u00fasica. Al\u00e9m disso, outro dado importante levantado pela pesquisa \u00e9 que 64% consideram a m\u00fasica como parte essencial da vida.<\/p>\n<p style=\"text-align: justify;\"><img decoding=\"async\" src=\"https:\/\/tudoradio.com\/img\/uploads\/noticias\/5a341c116c42c.JPG\" alt=\"\" \/><\/p>\n<p style=\"text-align: justify;\"><strong>Mulheres se destacam no segmento sertanejo<\/strong><\/p>\n<p style=\"text-align: justify;\">O levantamento do Kantar Ibope Media tamb\u00e9m mostra que as mulheres est\u00e3o se destacando no cen\u00e1rio sertanejo. De acordo com a pesquisa, das 100 m\u00fasicas mais executadas, 50% s\u00e3o do segmento. Dessas, 12 s\u00e3o cantadas por mulheres.<\/p>\n<p style=\"text-align: justify;\">Esses n\u00fameros resultam no total de mais de 6 bilh\u00f5es de execu\u00e7\u00f5es nas r\u00e1dios brasileiras. A m\u00fasica mais executada no primeiro semestre de 2017 foi \u201cLoka\u201d, da dupla Simone e Simaria (com a participa\u00e7\u00e3o da cantora Anitta), com mais de 1,3 bilh\u00e3o de vezes.<\/p>\n<p style=\"text-align: justify;\"><img decoding=\"async\" src=\"https:\/\/tudoradio.com\/img\/uploads\/noticias\/5a341c258bc37.JPG\" alt=\"\" \/><\/p>\n<p style=\"text-align: justify;\">Entre os artistas mais ouvidos, Mar\u00edlia Mendon\u00e7a ficou em segundo no ranking geral com 2,4 bilh\u00f5es de execu\u00e7\u00f5es. A primeira coloca\u00e7\u00e3o \u00e9 da dupla Jorge e Matheus, com 2,5 bilh\u00f5es.<\/p>\n<p style=\"text-align: justify;\">Fonte: Tudo R\u00e1dio.<\/p>\n","protected":false},"excerpt":{"rendered":"<p>O\u00a0tudoradio.com\u00a0noticiou hoje que a Kantar Ibope Media divulgou um relat\u00f3rio&hellip;<\/p>\n<p> <a class=\"more-link\" href=\"https:\/\/sertsc.org.br\/site\/93-dos-ouvintes-de-radio-preferem-ouvir-musica-pelo-meio\/\">Leia mais<\/a><\/p>\n","protected":false},"author":1,"featured_media":6388,"comment_status":"closed","ping_status":"open","sticky":false,"template":"","format":"standard","meta":{"footnotes":""},"categories":[3],"tags":[67,50,70,65,51,62,43,52,63,66,64,71,53,54,46,60,47,56,61,58,69,59],"class_list":{"0":"post-6387","1":"post","2":"type-post","3":"status-publish","4":"format-standard","5":"has-post-thumbnail","7":"category-noticias","8":"tag-capacitacao","9":"tag-emissoras-de-radio","10":"tag-emissoras-de-radio-e-tv","11":"tag-emissoras-de-tv","12":"tag-encontro-regional","13":"tag-gestao","14":"tag-mctic","15":"tag-migracao-am-fm","16":"tag-planejamento-estrategico","17":"tag-radio-e-tv","18":"tag-redes-sociais","19":"tag-reforma-trabalhista","20":"tag-representante-patronal","21":"tag-santa-catarina","22":"tag-sc","23":"tag-seminarios","24":"tag-sertsc","25":"tag-sindicato-patronal","26":"tag-televisao","27":"tag-tv","28":"tag-tv-aberta","29":"tag-tv-digital"},"_links":{"self":[{"href":"https:\/\/sertsc.org.br\/site\/wp-json\/wp\/v2\/posts\/6387","targetHints":{"allow":["GET"]}}],"collection":[{"href":"https:\/\/sertsc.org.br\/site\/wp-json\/wp\/v2\/posts"}],"about":[{"href":"https:\/\/sertsc.org.br\/site\/wp-json\/wp\/v2\/types\/post"}],"author":[{"embeddable":true,"href":"https:\/\/sertsc.org.br\/site\/wp-json\/wp\/v2\/users\/1"}],"replies":[{"embeddable":true,"href":"https:\/\/sertsc.org.br\/site\/wp-json\/wp\/v2\/comments?post=6387"}],"version-history":[{"count":0,"href":"https:\/\/sertsc.org.br\/site\/wp-json\/wp\/v2\/posts\/6387\/revisions"}],"wp:featuredmedia":[{"embeddable":true,"href":"https:\/\/sertsc.org.br\/site\/wp-json\/"}],"wp:attachment":[{"href":"https:\/\/sertsc.org.br\/site\/wp-json\/wp\/v2\/media?parent=6387"}],"wp:term":[{"taxonomy":"category","embeddable":true,"href":"https:\/\/sertsc.org.br\/site\/wp-json\/wp\/v2\/categories?post=6387"},{"taxonomy":"post_tag","embeddable":true,"href":"https:\/\/sertsc.org.br\/site\/wp-json\/wp\/v2\/tags?post=6387"}],"curies":[{"name":"wp","href":"https:\/\/api.w.org\/{rel}","templated":true}]}}