{"id":6384,"date":"2017-12-14T11:51:16","date_gmt":"2017-12-14T13:51:16","guid":{"rendered":"http:\/\/www.sertsc.org.br\/site\/?p=6384"},"modified":"2017-12-14T11:51:16","modified_gmt":"2017-12-14T13:51:16","slug":"conselho-de-comunicacao-social-do-congresso-nacional-promove-evento-sobre-noticias-fakes","status":"publish","type":"post","link":"https:\/\/sertsc.org.br\/site\/conselho-de-comunicacao-social-do-congresso-nacional-promove-evento-sobre-noticias-fakes\/","title":{"rendered":"Conselho de Comunica\u00e7\u00e3o Social do Congresso Nacional promove evento sobre not\u00edcias \u201cfakes\u201d"},"content":{"rendered":"<p style=\"text-align: justify;\">Os riscos da dissemina\u00e7\u00e3o de not\u00edcias falsas na internet dominaram o debate sobre \u201cFake News e Democracia\u201d, organizado pelo Conselho de Comunica\u00e7\u00e3o Social (CCS) do Congresso Nacional, nesta ter\u00e7a-feira (12), em Bras\u00edlia. A discuss\u00e3o foi conduzida com o objetivo de esclarecer o cen\u00e1rio de produ\u00e7\u00e3o de not\u00edcias falsas na internet, especialmente com a proximidade de 2018, quando o Brasil ter\u00e1 elei\u00e7\u00f5es majorit\u00e1rias.<\/p>\n<p style=\"text-align: justify;\">A principal preocupa\u00e7\u00e3o est\u00e1 nas not\u00edcias divulgadas como se fossem fatos verdadeiros, ou com conte\u00fado inventado para prejudicar algu\u00e9m ou uma organiza\u00e7\u00e3o. Para Frederico Meinberg Ceroy, presidente do Instituto Brasileiro de Direito Digital, as redes sociais s\u00e3o \u2018m\u00e1quinas de viciar\u2019, e para combater as not\u00edcias falsas, o ant\u00eddoto \u00e9 a m\u00eddia tradicional e a educa\u00e7\u00e3o da popula\u00e7\u00e3o para que saibam reconhec\u00ea-las. \u201cDeve-se criar o sentimento de confian\u00e7a por meio da constru\u00e7\u00e3o de um relacionamento s\u00f3lido com o leitor\u201d, afirma.<\/p>\n<p style=\"text-align: justify;\">Segundo o fundador e s\u00f3cio da Bites, Manuel Fernandes, a produ\u00e7\u00e3o de fake news n\u00e3o \u00e9 em v\u00e3o e seu crescimento nos obriga a conviver com a \u2018polui\u00e7\u00e3o de informa\u00e7\u00e3o\u2019. Fernandes afirma que, em 2020, o volume de not\u00edcias falsas ser\u00e1 muito maior que o de not\u00edcias verdadeiras. \u201cEu me tornei um especialista, um ca\u00e7ador de fake news, e posso afirmar: quem a faz tem um prop\u00f3sito, seja ele financeiro ou ideol\u00f3gico, necessita de recursos ou recompensas para ter um resultado, e sempre utiliza internet e redes sociais. Quem produz uma not\u00edcia falsa entende bem a din\u00e2mica do Google e usa esse recurso para ser visto. Em meus estudos, o fluxo do site com conte\u00fado fraudulento vem, basicamente, de redes sociais\u201d, diz.<\/p>\n<p style=\"text-align: justify;\">O diretor geral da ABERT, Luis Roberto Antonik refor\u00e7ou a import\u00e2ncia de cria\u00e7\u00e3o de regulamenta\u00e7\u00f5es para punir quem produz not\u00edcias falsas. \u201cVoc\u00ea tem que ter a responsabilidade pelo que voc\u00ea publica\u201d, lembrou.<\/p>\n<p style=\"text-align: justify;\">Para Patr\u00edcia Blanco, presidente do Instituto Palavra Aberta, \u201cnos tornamos cidad\u00e3os-rep\u00f3rteres\u201d. \u201cComo j\u00e1 afirmou a ministra Carmen L\u00facia, sa\u00edmos da era da invas\u00e3o de privacidade para entrar na era da evas\u00e3o de privacidade. Com um celular na m\u00e3o e uma ideia na cabe\u00e7a, todos compartilham o que querem, da forma que quiserem. Nesta era da p\u00f3s-verdade, que \u00e9 quando as cren\u00e7as e ideologias superam os fatos, quando h\u00e1 manipula\u00e7\u00e3o da opini\u00e3o p\u00fablica, temos que combater da forma que podemos\u201d, explicou.<\/p>\n<p style=\"text-align: justify;\">Guilherme Alpendre, secret\u00e1rio executivo da ABRAJI, deu exemplos de como impedir a dissemina\u00e7\u00e3o de not\u00edcias falsas no dia a dia. \u201cTodo mundo tem um parente que compartilha not\u00edcias falsas e que, na maioria das vezes, \u00e9 falta de leitura. Alerte este parente! E quando vir uma not\u00edcia falsa divulgada em redes sociais, denuncie o conte\u00fado na pr\u00f3pria m\u00eddia social\u201d.<\/p>\n<p style=\"text-align: justify;\">O encontro teve a presen\u00e7a do presidente do Tribunal Superior Eleitoral (TSE) e ministro do Supremo Tribunal Federal (STF), Gilmar Mendes, do ministro da Justi\u00e7a, Torquato Jardim, do presidente do Senado Federal, Eun\u00edcio Oliveira, e do presidente da C\u00e2mara dos Deputados, Rodrigo Maia.<\/p>\n<p style=\"text-align: justify;\">Desde que o Dicion\u00e1rio Oxford elegeu, em 2016, \u201cp\u00f3s-verdade\u201d \u00a0como a palavra do ano, os debates sobre como combater a prolifera\u00e7\u00e3o das not\u00edcias falsas se intensificaram. A desinforma\u00e7\u00e3o promovida no ambiente digital (redes sociais, WhatsApp, caixa de coment\u00e1rios, blogs e sites) preocupa o jornalismo profissional, que apura e informa, e tem compromisso com a veracidade dos fatos.<\/p>\n<p style=\"text-align: justify;\">O jornalismo profissional brasileiro \u00e9 considerado um dos mais respeitados do mundo, por sua seriedade e credibilidade. De acordo com pesquisa realizada pelo Instituto Reuters, dos 36 pa\u00edses analisados, o Brasil \u00e9 o segundo que mais confia nas not\u00edcias veiculadas pela m\u00eddia. Fica atr\u00e1s apenas da Finl\u00e2ndia.<\/p>\n<p style=\"text-align: justify;\">Dos entrevistados brasileiros, 60% acreditam que as not\u00edcias informadas pelos ve\u00edculos de comunica\u00e7\u00e3o t\u00eam credibilidade. \u201cEsse n\u00famero reafirma a import\u00e2ncia do jornalismo s\u00e9rio que \u00e9 desenvolvido no Brasil\u201d, afirma o diretor geral da ABERT, Luis Roberto Antonik.<\/p>\n<p style=\"text-align: justify;\">Como exemplo do jornalismo de credibilidade, em apenas um ano, 31 reportagens da RBS, grupo de comunica\u00e7\u00e3o do Rio Grande do Sul, motivaram a abertura de 29 apura\u00e7\u00f5es de \u00f3rg\u00e3os p\u00fablicos, como Pol\u00edcia Federal (PF), Minist\u00e9rio P\u00fablico (MP) e Minist\u00e9rio P\u00fablico de Contas. \u201cO jornalismo profissional feito com seriedade mostra um resultado como esse, auxiliando \u00f3rg\u00e3os p\u00fablicos na apura\u00e7\u00e3o de eventuais den\u00fancias.\u201d, ressalta Antonik<\/p>\n<p style=\"text-align: justify;\"><strong>Fonte: Tudo R\u00e1dio; Com informa\u00e7\u00f5es da ABERT<\/strong><\/p>\n","protected":false},"excerpt":{"rendered":"<p>Os riscos da dissemina\u00e7\u00e3o de not\u00edcias falsas na internet dominaram&hellip;<\/p>\n<p> <a class=\"more-link\" href=\"https:\/\/sertsc.org.br\/site\/conselho-de-comunicacao-social-do-congresso-nacional-promove-evento-sobre-noticias-fakes\/\">Leia mais<\/a><\/p>\n","protected":false},"author":1,"featured_media":6385,"comment_status":"closed","ping_status":"open","sticky":false,"template":"","format":"standard","meta":{"footnotes":""},"categories":[3],"tags":[67,50,70,65,51,62,43,52,63,66,64,71,53,54,46,60,47,56,61,58,69,59],"class_list":{"0":"post-6384","1":"post","2":"type-post","3":"status-publish","4":"format-standard","5":"has-post-thumbnail","7":"category-noticias","8":"tag-capacitacao","9":"tag-emissoras-de-radio","10":"tag-emissoras-de-radio-e-tv","11":"tag-emissoras-de-tv","12":"tag-encontro-regional","13":"tag-gestao","14":"tag-mctic","15":"tag-migracao-am-fm","16":"tag-planejamento-estrategico","17":"tag-radio-e-tv","18":"tag-redes-sociais","19":"tag-reforma-trabalhista","20":"tag-representante-patronal","21":"tag-santa-catarina","22":"tag-sc","23":"tag-seminarios","24":"tag-sertsc","25":"tag-sindicato-patronal","26":"tag-televisao","27":"tag-tv","28":"tag-tv-aberta","29":"tag-tv-digital"},"_links":{"self":[{"href":"https:\/\/sertsc.org.br\/site\/wp-json\/wp\/v2\/posts\/6384","targetHints":{"allow":["GET"]}}],"collection":[{"href":"https:\/\/sertsc.org.br\/site\/wp-json\/wp\/v2\/posts"}],"about":[{"href":"https:\/\/sertsc.org.br\/site\/wp-json\/wp\/v2\/types\/post"}],"author":[{"embeddable":true,"href":"https:\/\/sertsc.org.br\/site\/wp-json\/wp\/v2\/users\/1"}],"replies":[{"embeddable":true,"href":"https:\/\/sertsc.org.br\/site\/wp-json\/wp\/v2\/comments?post=6384"}],"version-history":[{"count":0,"href":"https:\/\/sertsc.org.br\/site\/wp-json\/wp\/v2\/posts\/6384\/revisions"}],"wp:featuredmedia":[{"embeddable":true,"href":"https:\/\/sertsc.org.br\/site\/wp-json\/"}],"wp:attachment":[{"href":"https:\/\/sertsc.org.br\/site\/wp-json\/wp\/v2\/media?parent=6384"}],"wp:term":[{"taxonomy":"category","embeddable":true,"href":"https:\/\/sertsc.org.br\/site\/wp-json\/wp\/v2\/categories?post=6384"},{"taxonomy":"post_tag","embeddable":true,"href":"https:\/\/sertsc.org.br\/site\/wp-json\/wp\/v2\/tags?post=6384"}],"curies":[{"name":"wp","href":"https:\/\/api.w.org\/{rel}","templated":true}]}}