{"id":6374,"date":"2017-12-13T12:00:33","date_gmt":"2017-12-13T14:00:33","guid":{"rendered":"http:\/\/www.sertsc.org.br\/site\/?p=6374"},"modified":"2017-12-13T12:00:33","modified_gmt":"2017-12-13T14:00:33","slug":"estrategias-de-youtube-e-facebook-para-radios-como-usa-las-corretamente","status":"publish","type":"post","link":"https:\/\/sertsc.org.br\/site\/estrategias-de-youtube-e-facebook-para-radios-como-usa-las-corretamente\/","title":{"rendered":"Estrat\u00e9gias de YouTube e Facebook para r\u00e1dios: como us\u00e1-las corretamente"},"content":{"rendered":"<p style=\"text-align: justify;\">Vivemos em plena era da converg\u00eancia midi\u00e1tica, conceito desenvolvido por Henry Jenkins e que mostra a tend\u00eancia que os meios de comunica\u00e7\u00e3o t\u00eam de se adaptarem \u00e0s novas tecnologias e encontrarem na internet um novo canal de distribui\u00e7\u00e3o de conte\u00fado.<\/p>\n<p style=\"text-align: justify;\">Dentro desse contexto, desenvolver estrat\u00e9gias no YouTube e Facebook para r\u00e1dios \u00e9 algo que precisa fazer parte do dia a dia de um radialista contempor\u00e2neo. Afinal, uma m\u00eddia complementa a outra, e o ouvinte pode ter interesse em buscar conte\u00fados complementares \u00e0queles que est\u00e3o sendo veiculados no r\u00e1dio tradicional.<\/p>\n<p style=\"text-align: justify;\">Para que voc\u00ea saiba como tirar o m\u00e1ximo proveito das redes sociais como o YouTube e o\u00a0Facebook\u00a0na sua r\u00e1dio, n\u00f3s elaboramos algumas dicas pr\u00e1ticas. Ficou interessado? Ent\u00e3o, siga conosco e confira agora mesmo!<\/p>\n<p style=\"text-align: justify;\"><strong>Fa\u00e7a transmiss\u00f5es ao vivo<\/strong><\/p>\n<p style=\"text-align: justify;\">Quando a sua r\u00e1dio estiver promovendo um debate com especialistas sobre um assunto interessante ou realizando uma entrevista com artistas, pol\u00edticos ou qualquer outra pessoa que tenha algo importante a dizer ao seu p\u00fablico, pode-se fazer transmiss\u00f5es ao vivo, em v\u00eddeo, na p\u00e1gina do Facebook e no canal do YouTube da emissora.<\/p>\n<p style=\"text-align: justify;\">Desse modo, al\u00e9m de ouvir a voz, os ouvintes que tiverem interesse poder\u00e3o visualizar os entrevistados em v\u00eddeo, por meio dessas plataformas. Al\u00e9m disso, ao utilizar o Facebook e o YouTube, voc\u00ea poder\u00e1 atingir outros p\u00fablicos, como as pessoas que n\u00e3o t\u00eam o costume de ouvir r\u00e1dio.<\/p>\n<p style=\"text-align: justify;\">Outro ponto positivo das transmiss\u00f5es ao vivo em v\u00eddeo pelo Facebook e pelo YouTube \u00e9 que os v\u00eddeos ficam dispon\u00edveis para os usu\u00e1rios e podem at\u00e9 mesmo ser editados em formato de podcast para que sejam visualizados em outros momentos.<\/p>\n<p style=\"text-align: justify;\"><strong>Interaja com o p\u00fablico no Facebook<\/strong><\/p>\n<p style=\"text-align: justify;\">O Facebook \u00e9 uma ferramenta muito interessante para que as r\u00e1dios interajam com os seus p\u00fablicos.<\/p>\n<p style=\"text-align: justify;\">Voc\u00ea pode criar posts solicitando \u00e0s pessoas que deixem coment\u00e1rios com as m\u00fasicas que querem ouvir, por exemplo, criando assim uma playlist personalizada de acordo com o gosto dos ouvintes.<\/p>\n<p style=\"text-align: justify;\">Promo\u00e7\u00f5es, como o sorteio de kits de bandas ou CDs de cantores parceiros da emissora, tamb\u00e9m podem ser feitas no Facebook e divulgadas na programa\u00e7\u00e3o ao vivo da r\u00e1dio, com uma m\u00eddia complementando a outra.<\/p>\n<p style=\"text-align: justify;\"><strong>Divulgue as not\u00edcias da sua regi\u00e3o<\/strong><\/p>\n<p style=\"text-align: justify;\">As r\u00e1dios que possuem um departamento de jornalismo bem estruturado e que apuram not\u00edcias da regi\u00e3o para serem noticiadas na emissora tamb\u00e9m podem utilizar o Facebook para divulgar essas informa\u00e7\u00f5es.<\/p>\n<p style=\"text-align: justify;\">Desse modo, os ouvintes que se interessaram por algum assunto noticiado na r\u00e1dio e que desejarem obter mais informa\u00e7\u00f5es poder\u00e3o acessar esse canal e ler a not\u00edcia em formato de texto.<\/p>\n<p style=\"text-align: justify;\"><strong>Divulgue a programa\u00e7\u00e3o da emissora<\/strong><\/p>\n<p style=\"text-align: justify;\">Por meio das\u00a0redes sociais\u00a0tamb\u00e9m \u00e9 poss\u00edvel divulgar a programa\u00e7\u00e3o da emissora. Voc\u00ea pode fazer an\u00fancios, em formato de imagem ou v\u00eddeo, convidando os internautas a ouvirem a programa\u00e7\u00e3o da emissora em determinado hor\u00e1rio, divulgando as atra\u00e7\u00f5es.<\/p>\n<p style=\"text-align: justify;\">Isso far\u00e1 com que as pessoas tomem conhecimento daquilo que ser\u00e1 transmitido na r\u00e1dio no decorrer do dia e possam sintonizar a emissora para acompanhar os\u00a0programas\u00a0que interessam a elas.<\/p>\n<p style=\"text-align: justify;\">Fonte: Teletronix.<\/p>\n","protected":false},"excerpt":{"rendered":"<p>Vivemos em plena era da converg\u00eancia midi\u00e1tica, conceito desenvolvido por&hellip;<\/p>\n<p> <a class=\"more-link\" href=\"https:\/\/sertsc.org.br\/site\/estrategias-de-youtube-e-facebook-para-radios-como-usa-las-corretamente\/\">Leia mais<\/a><\/p>\n","protected":false},"author":1,"featured_media":6375,"comment_status":"closed","ping_status":"open","sticky":false,"template":"","format":"standard","meta":{"footnotes":""},"categories":[3],"tags":[67,50,70,65,51,62,43,52,63,66,64,71,53,54,46,60,47,56,61,58,69,59],"class_list":{"0":"post-6374","1":"post","2":"type-post","3":"status-publish","4":"format-standard","5":"has-post-thumbnail","7":"category-noticias","8":"tag-capacitacao","9":"tag-emissoras-de-radio","10":"tag-emissoras-de-radio-e-tv","11":"tag-emissoras-de-tv","12":"tag-encontro-regional","13":"tag-gestao","14":"tag-mctic","15":"tag-migracao-am-fm","16":"tag-planejamento-estrategico","17":"tag-radio-e-tv","18":"tag-redes-sociais","19":"tag-reforma-trabalhista","20":"tag-representante-patronal","21":"tag-santa-catarina","22":"tag-sc","23":"tag-seminarios","24":"tag-sertsc","25":"tag-sindicato-patronal","26":"tag-televisao","27":"tag-tv","28":"tag-tv-aberta","29":"tag-tv-digital"},"_links":{"self":[{"href":"https:\/\/sertsc.org.br\/site\/wp-json\/wp\/v2\/posts\/6374","targetHints":{"allow":["GET"]}}],"collection":[{"href":"https:\/\/sertsc.org.br\/site\/wp-json\/wp\/v2\/posts"}],"about":[{"href":"https:\/\/sertsc.org.br\/site\/wp-json\/wp\/v2\/types\/post"}],"author":[{"embeddable":true,"href":"https:\/\/sertsc.org.br\/site\/wp-json\/wp\/v2\/users\/1"}],"replies":[{"embeddable":true,"href":"https:\/\/sertsc.org.br\/site\/wp-json\/wp\/v2\/comments?post=6374"}],"version-history":[{"count":0,"href":"https:\/\/sertsc.org.br\/site\/wp-json\/wp\/v2\/posts\/6374\/revisions"}],"wp:featuredmedia":[{"embeddable":true,"href":"https:\/\/sertsc.org.br\/site\/wp-json\/"}],"wp:attachment":[{"href":"https:\/\/sertsc.org.br\/site\/wp-json\/wp\/v2\/media?parent=6374"}],"wp:term":[{"taxonomy":"category","embeddable":true,"href":"https:\/\/sertsc.org.br\/site\/wp-json\/wp\/v2\/categories?post=6374"},{"taxonomy":"post_tag","embeddable":true,"href":"https:\/\/sertsc.org.br\/site\/wp-json\/wp\/v2\/tags?post=6374"}],"curies":[{"name":"wp","href":"https:\/\/api.w.org\/{rel}","templated":true}]}}