{"id":6372,"date":"2017-12-13T10:25:29","date_gmt":"2017-12-13T12:25:29","guid":{"rendered":"http:\/\/www.sertsc.org.br\/site\/?p=6372"},"modified":"2017-12-13T10:25:29","modified_gmt":"2017-12-13T12:25:29","slug":"mutirao-faz-agendamento-para-entrega-de-kits-gratuitos-de-tv-digital-em-florianopolis","status":"publish","type":"post","link":"https:\/\/sertsc.org.br\/site\/mutirao-faz-agendamento-para-entrega-de-kits-gratuitos-de-tv-digital-em-florianopolis\/","title":{"rendered":"Mutir\u00e3o faz agendamento para entrega de kits gratuitos de TV Digital em Florian\u00f3polis"},"content":{"rendered":"<p style=\"text-align: justify;\">A Seja Digital, entidade respons\u00e1vel por operacionalizar a migra\u00e7\u00e3o do sinal de TV no Brasil, promove s\u00e1bado, 16, uma mobiliza\u00e7\u00e3o para realizar o agendamento das fam\u00edlias que t\u00eam direito a retirar os kits gratuitos, com antena digital e conversor com controle remoto. A a\u00e7\u00e3o ser\u00e1 realizada das 9h30 \u00e0s 14h, na quadra anexa \u00e0 creche Jardim Ilha-Continente, na Rua Jo\u00e3o Vieira, s\/n, em Capoeiras.<\/p>\n<p>Durante o evento, as fam\u00edlias de baixa renda atendidas pelo Governo Federal poder\u00e3o tirar d\u00favidas sobre o desligamento do sinal anal\u00f3gico de TV, que acontecer\u00e1 no dia 31 de janeiro de 2018, e agendar a retirada do kit gratuito. Os equipamentos que comp\u00f5em o kit s\u00e3o distribu\u00eddos gratuitamente pela Seja Digital e possibilitam que televisores antigos tenham acesso ao sinal digital.<\/p>\n<p>Para saber se tem direito e agendar a retirada dos equipamentos, os moradores das cidades de Florian\u00f3polis, S\u00e3o Jos\u00e9, Palho\u00e7a, Bigua\u00e7u e Paulo Lopes podem acessar o site\u00a0<a href=\"http:\/\/sejadigital.com.br\/kit\" target=\"_blank\" rel=\"noopener noreferrer\">sejadigital.com.br\/kit<\/a>\u00a0ou ligar gratuitamente para o n\u00famero 147 com o NIS (N\u00famero de Identifica\u00e7\u00e3o Social) em m\u00e3os.<\/p>\n<p style=\"text-align: justify;\">Fonte: Portal Making Of.<\/p>\n","protected":false},"excerpt":{"rendered":"<p>A Seja Digital, entidade respons\u00e1vel por operacionalizar a migra\u00e7\u00e3o do&hellip;<\/p>\n<p> <a class=\"more-link\" href=\"https:\/\/sertsc.org.br\/site\/mutirao-faz-agendamento-para-entrega-de-kits-gratuitos-de-tv-digital-em-florianopolis\/\">Leia mais<\/a><\/p>\n","protected":false},"author":1,"featured_media":6091,"comment_status":"closed","ping_status":"open","sticky":false,"template":"","format":"standard","meta":{"footnotes":""},"categories":[3],"tags":[67,50,70,65,51,62,43,52,63,66,64,71,53,54,46,60,47,56,61,58,69,59],"class_list":{"0":"post-6372","1":"post","2":"type-post","3":"status-publish","4":"format-standard","5":"has-post-thumbnail","7":"category-noticias","8":"tag-capacitacao","9":"tag-emissoras-de-radio","10":"tag-emissoras-de-radio-e-tv","11":"tag-emissoras-de-tv","12":"tag-encontro-regional","13":"tag-gestao","14":"tag-mctic","15":"tag-migracao-am-fm","16":"tag-planejamento-estrategico","17":"tag-radio-e-tv","18":"tag-redes-sociais","19":"tag-reforma-trabalhista","20":"tag-representante-patronal","21":"tag-santa-catarina","22":"tag-sc","23":"tag-seminarios","24":"tag-sertsc","25":"tag-sindicato-patronal","26":"tag-televisao","27":"tag-tv","28":"tag-tv-aberta","29":"tag-tv-digital"},"_links":{"self":[{"href":"https:\/\/sertsc.org.br\/site\/wp-json\/wp\/v2\/posts\/6372","targetHints":{"allow":["GET"]}}],"collection":[{"href":"https:\/\/sertsc.org.br\/site\/wp-json\/wp\/v2\/posts"}],"about":[{"href":"https:\/\/sertsc.org.br\/site\/wp-json\/wp\/v2\/types\/post"}],"author":[{"embeddable":true,"href":"https:\/\/sertsc.org.br\/site\/wp-json\/wp\/v2\/users\/1"}],"replies":[{"embeddable":true,"href":"https:\/\/sertsc.org.br\/site\/wp-json\/wp\/v2\/comments?post=6372"}],"version-history":[{"count":0,"href":"https:\/\/sertsc.org.br\/site\/wp-json\/wp\/v2\/posts\/6372\/revisions"}],"wp:featuredmedia":[{"embeddable":true,"href":"https:\/\/sertsc.org.br\/site\/wp-json\/"}],"wp:attachment":[{"href":"https:\/\/sertsc.org.br\/site\/wp-json\/wp\/v2\/media?parent=6372"}],"wp:term":[{"taxonomy":"category","embeddable":true,"href":"https:\/\/sertsc.org.br\/site\/wp-json\/wp\/v2\/categories?post=6372"},{"taxonomy":"post_tag","embeddable":true,"href":"https:\/\/sertsc.org.br\/site\/wp-json\/wp\/v2\/tags?post=6372"}],"curies":[{"name":"wp","href":"https:\/\/api.w.org\/{rel}","templated":true}]}}