{"id":6365,"date":"2017-12-12T09:58:44","date_gmt":"2017-12-12T11:58:44","guid":{"rendered":"http:\/\/www.sertsc.org.br\/site\/?p=6365"},"modified":"2017-12-12T09:58:44","modified_gmt":"2017-12-12T11:58:44","slug":"abert-nega-que-celulares-com-radio-fm-custarao-mais-caro","status":"publish","type":"post","link":"https:\/\/sertsc.org.br\/site\/abert-nega-que-celulares-com-radio-fm-custarao-mais-caro\/","title":{"rendered":"ABERT nega que celulares com r\u00e1dio FM custar\u00e3o mais caro"},"content":{"rendered":"<p class=\"font-16\" style=\"text-align: justify;\"><strong>A ABERT ressalta ainda que a obrigatoriedade de recep\u00e7\u00e3o do r\u00e1dio FM nos celulares n\u00e3o \u00e9, de forma alguma, \u201ccontra a liberdade de escolha do consumidor\u201d<\/strong><\/p>\n<p style=\"text-align: justify;\">A Associa\u00e7\u00e3o Brasileira de Emissoras de R\u00e1dio e Televis\u00e3o (ABERT) esclarece que a aprova\u00e7\u00e3o do projeto de lei (PL n\u00ba 8438\/2017) que obriga as empresas fabricantes ou montadoras de celular a disponibilizar a recep\u00e7\u00e3o do r\u00e1dio FM n\u00e3o ir\u00e1 encarecer o pre\u00e7o dos aparelhos vendidos no Brasil.<\/p>\n<p>Os celulares j\u00e1 s\u00e3o fabricados com chip FM e alguns modelos s\u00e3o comercializados com o dispositivo desativado. Para funcionar, basta desbloquear o chip existente. Isto significa que, ao contr\u00e1rio do que vem afirmando a Associa\u00e7\u00e3o Brasileira de Ind\u00fastria Eletro e Eletr\u00f4nica (Abinee), o celular com r\u00e1dio FM integrado n\u00e3o custar\u00e1 mais caro para o consumidor.<\/p>\n<p>A ABERT ressalta ainda que a obrigatoriedade de recep\u00e7\u00e3o do r\u00e1dio FM nos celulares n\u00e3o \u00e9, de forma alguma, \u201ccontra a liberdade de escolha do consumidor\u201d. Permitir que o consumidor compre celulares com o r\u00e1dio FM, fonte gratuita de entretenimento, servi\u00e7o e informa\u00e7\u00e3o, \u00e9 sim, oferecer a ele a liberdade de escolha em ouvir sua programa\u00e7\u00e3o favorita e de forma gratuita.<\/p>\n<p>A aprova\u00e7\u00e3o do projeto pela Comiss\u00e3o de Ci\u00eancia, Tecnologia, Comunica\u00e7\u00e3o e Inform\u00e1tica da C\u00e2mara dos Deputados (CCTCI) veio ap\u00f3s intenso trabalho da ABERT junto ao governo federal e aos parlamentares federais. A Associa\u00e7\u00e3o acredita que o r\u00e1dio \u00e9 um poderoso e importante meio de comunica\u00e7\u00e3o gratuito para a popula\u00e7\u00e3o e o projeto de lei protege os consumidores com menor poder aquisitivo, j\u00e1 que escutar r\u00e1dio por streaming consome os cr\u00e9ditos do plano de dados, inviabilizando o acesso \u00e0 programa\u00e7\u00e3o.<\/p>\n<p>A aprova\u00e7\u00e3o segue ainda uma tend\u00eancia mundial. No M\u00e9xico, uma norma do governo determinou que todos os aparelhos vendidos no pa\u00eds devem ter, obrigatoriamente, o chip FM no celular.<\/p>\n<p>O r\u00e1dio FM no celular \u00e9 uma das prioridades da ABERT, que, em 2014, lan\u00e7ou a campanha \u201cSmart \u00e9 ter r\u00e1dio de gra\u00e7a no celular&#8221;, orientando o ouvinte a\u00a0 sempre escolher, na hora da compra, um aparelho celular que tenha o dispositivo de recep\u00e7\u00e3o de FM embutido.<\/p>\n<p><strong>O que acontece no Brasil<\/strong><\/p>\n<p>Estudos da ABERT mostram que dos 275 modelos de celulares dispon\u00edveis no mercado brasileiro, 179 t\u00eam o chip FM ativado. A mesma pesquisa mostra que 100% dos aparelhos mais simples, de at\u00e9 R$ 300, t\u00eam r\u00e1dio FM integrado. Nos aparelhos mais caros (smartphones), acima de R$ 1.000, esse n\u00famero cai para apenas 57%. Nos smartphones, os fabricantes seguem uma tend\u00eancia de n\u00e3o ativar o chip existente no aparleho, for\u00e7ando o consumidor a usar o plano de dados para ouvir sua emissora.<\/p>\n<p><strong>O que acontece nos EUA<\/strong><\/p>\n<p>Ap\u00f3s a FCC, principal \u00f3rg\u00e3o regulador de comunica\u00e7\u00f5es dos Estados Unidos (entidade similar \u00e0 Anatel), pedir diretamente \u00e0 Apple para ativar os chips de r\u00e1dio FM instalados em iPhones, o PL 8438\/2017 ganhou muita for\u00e7a.<\/p>\n<p>A empresa norte-americana Apple informou, por meio de nota, como se fosse um desafio \u00e0s autoridades, que os modelos mais novos que o iPhone 6 n\u00e3o t\u00eam chip FM embutido, e tampouco antenas para recep\u00e7\u00e3o do sinal FM.<\/p>\n<p>J\u00e1 a Associa\u00e7\u00e3o Nacional de Radiodifus\u00e3o (NAB, na sigla em ingl\u00eas), contrariando as afirma\u00e7\u00f5es da Apple, afirma que segundo dados da ABI Research (empresa de consultoria americana), desde 2012, todo iPhone produzido cont\u00e9m um chip que inclui um suporte para r\u00e1dio FM. Insiste ainda que a empresa continua a vender o iPhone 6S com chip FM desativado e que existem, aproximadamente, 100 milh\u00f5es de aparelhos com o chip FM desativado.<\/p>\n<p>A ativa\u00e7\u00e3o do chip, segundo o presidente da FCC, Ajit Pai, permitiria o acesso dos consumidores a informa\u00e7\u00f5es importantes durante os desastres naturais que comprometam redes sem fio.<\/p>\n<p>Para justificar o pedido feito \u00e0 Apple, ainda de acordo com Pai, mais de 90% das torres de telefones celulares em Porto Rico e quase 70% nas Ilhas Virgens americanas, ambas localizadas no Caribe, ficaram fora de servi\u00e7o ap\u00f3s os furac\u00f5es das \u00faltimos meses danific\u00e1-las.<\/p>\n<p>&#8220;\u00c9 hora de a Apple colocar a seguran\u00e7a do povo norte-americano em primeiro lugar&#8221;, disse Pai em comunicado.<\/p>\n<p>A Apple tamb\u00e9m se justificou, com uma desculpa &#8220;esfarrapada&#8221; \u00e0s cr\u00edticas e afirmou que \u201ca empresa se preocupa profundamente com a seguran\u00e7a de seus consumidores e, por isso, desenvolveu solu\u00e7\u00f5es seguras para os produtos e que os usu\u00e1rios podem ligar diretamente para os servi\u00e7os de emerg\u00eancia durante as cat\u00e1strofes\u201d. Esquece a Apple que os usu\u00e1rios poderiam receber mensagens gratuitas pelo r\u00e1dio, prevenindo pessoas e salvando vidas.<\/p>\n<p class=\"font-11\" style=\"text-align: justify;\">Fonte: ABERT<\/p>\n","protected":false},"excerpt":{"rendered":"<p>A ABERT ressalta ainda que a obrigatoriedade de recep\u00e7\u00e3o do&hellip;<\/p>\n<p> <a class=\"more-link\" href=\"https:\/\/sertsc.org.br\/site\/abert-nega-que-celulares-com-radio-fm-custarao-mais-caro\/\">Leia mais<\/a><\/p>\n","protected":false},"author":1,"featured_media":6366,"comment_status":"closed","ping_status":"open","sticky":false,"template":"","format":"standard","meta":{"footnotes":""},"categories":[3],"tags":[67,50,70,65,51,62,43,52,63,66,64,71,53,54,46,60,47,56,61,58,69,59],"class_list":{"0":"post-6365","1":"post","2":"type-post","3":"status-publish","4":"format-standard","5":"has-post-thumbnail","7":"category-noticias","8":"tag-capacitacao","9":"tag-emissoras-de-radio","10":"tag-emissoras-de-radio-e-tv","11":"tag-emissoras-de-tv","12":"tag-encontro-regional","13":"tag-gestao","14":"tag-mctic","15":"tag-migracao-am-fm","16":"tag-planejamento-estrategico","17":"tag-radio-e-tv","18":"tag-redes-sociais","19":"tag-reforma-trabalhista","20":"tag-representante-patronal","21":"tag-santa-catarina","22":"tag-sc","23":"tag-seminarios","24":"tag-sertsc","25":"tag-sindicato-patronal","26":"tag-televisao","27":"tag-tv","28":"tag-tv-aberta","29":"tag-tv-digital"},"_links":{"self":[{"href":"https:\/\/sertsc.org.br\/site\/wp-json\/wp\/v2\/posts\/6365","targetHints":{"allow":["GET"]}}],"collection":[{"href":"https:\/\/sertsc.org.br\/site\/wp-json\/wp\/v2\/posts"}],"about":[{"href":"https:\/\/sertsc.org.br\/site\/wp-json\/wp\/v2\/types\/post"}],"author":[{"embeddable":true,"href":"https:\/\/sertsc.org.br\/site\/wp-json\/wp\/v2\/users\/1"}],"replies":[{"embeddable":true,"href":"https:\/\/sertsc.org.br\/site\/wp-json\/wp\/v2\/comments?post=6365"}],"version-history":[{"count":0,"href":"https:\/\/sertsc.org.br\/site\/wp-json\/wp\/v2\/posts\/6365\/revisions"}],"wp:featuredmedia":[{"embeddable":true,"href":"https:\/\/sertsc.org.br\/site\/wp-json\/"}],"wp:attachment":[{"href":"https:\/\/sertsc.org.br\/site\/wp-json\/wp\/v2\/media?parent=6365"}],"wp:term":[{"taxonomy":"category","embeddable":true,"href":"https:\/\/sertsc.org.br\/site\/wp-json\/wp\/v2\/categories?post=6365"},{"taxonomy":"post_tag","embeddable":true,"href":"https:\/\/sertsc.org.br\/site\/wp-json\/wp\/v2\/tags?post=6365"}],"curies":[{"name":"wp","href":"https:\/\/api.w.org\/{rel}","templated":true}]}}