{"id":6363,"date":"2017-12-11T14:27:47","date_gmt":"2017-12-11T16:27:47","guid":{"rendered":"http:\/\/www.sertsc.org.br\/site\/?p=6363"},"modified":"2017-12-11T14:27:47","modified_gmt":"2017-12-11T16:27:47","slug":"mctic-inclui-penalidade-para-operacao-fora-de-canal-virtual","status":"publish","type":"post","link":"https:\/\/sertsc.org.br\/site\/mctic-inclui-penalidade-para-operacao-fora-de-canal-virtual\/","title":{"rendered":"MCTIC inclui penalidade para opera\u00e7\u00e3o fora de canal virtual"},"content":{"rendered":"<div class=\"itemIntroText\">\n<p style=\"text-align: justify;\">As emissoras de TV e retransmissoras (RTVs) que operarem o servi\u00e7o em canal virtual diverso daquele que foi aprovado pelo Minist\u00e9rio da Ci\u00eancia, Tecnologia, Inova\u00e7\u00f5es e Comunica\u00e7\u00f5es (MCTIC) ser\u00e3o penalizadas. Em portaria publicada em 29 de novembro, o MCTIC classifica a infra\u00e7\u00e3o como grave, penalizando em 8 pontos a emissora.<\/p>\n<\/div>\n<div class=\"itemFullText\">\n<p style=\"text-align: justify;\"><strong>Canal virtual<\/strong><\/p>\n<p style=\"text-align: justify;\">O canal virtual foi criado com a digitaliza\u00e7\u00e3o da TV, quando as emissoras operam nos dois sistemas por um tempo, um em cada canal: digital e anal\u00f3gico. Por exemplo: uma emissora que operava no canal 8 anal\u00f3gico de S\u00e3o Paulo, transmitia sua programa\u00e7\u00e3o digital ao mesmo tempo no canal digital 31. Como essa \u201caloca\u00e7\u00e3o\u201d n\u00e3o tem l\u00f3gica e varia em cada localidade, para facilitar a vida do telespectador, o MCTIC autorizou usar um \u201ccanal digital virtual\u201d, no exemplo anterior, o 8.1.<\/p>\n<p style=\"text-align: justify;\">Algumas TVs usaram desse artif\u00edcio t\u00e9cnico para melhorar sua posi\u00e7\u00e3o na grade e assim ganhar mais audi\u00eancia, em desacordo com a regras do MCTIC. Para regular o uso do canal virtual, o Minist\u00e9rio publicou norma sobre o assunto e agora penaliza as emissoras que n\u00e3o cumprirem a regra.<\/p>\n<\/div>\n<p style=\"text-align: justify;\">Fonte: ABERT.<\/p>\n","protected":false},"excerpt":{"rendered":"<p>As emissoras de TV e retransmissoras (RTVs) que operarem o&hellip;<\/p>\n<p> <a class=\"more-link\" href=\"https:\/\/sertsc.org.br\/site\/mctic-inclui-penalidade-para-operacao-fora-de-canal-virtual\/\">Leia mais<\/a><\/p>\n","protected":false},"author":1,"featured_media":6163,"comment_status":"closed","ping_status":"open","sticky":false,"template":"","format":"standard","meta":{"footnotes":""},"categories":[3],"tags":[67,50,70,65,51,62,43,52,63,66,64,71,53,54,46,60,47,56,61,58,69,59],"class_list":{"0":"post-6363","1":"post","2":"type-post","3":"status-publish","4":"format-standard","5":"has-post-thumbnail","7":"category-noticias","8":"tag-capacitacao","9":"tag-emissoras-de-radio","10":"tag-emissoras-de-radio-e-tv","11":"tag-emissoras-de-tv","12":"tag-encontro-regional","13":"tag-gestao","14":"tag-mctic","15":"tag-migracao-am-fm","16":"tag-planejamento-estrategico","17":"tag-radio-e-tv","18":"tag-redes-sociais","19":"tag-reforma-trabalhista","20":"tag-representante-patronal","21":"tag-santa-catarina","22":"tag-sc","23":"tag-seminarios","24":"tag-sertsc","25":"tag-sindicato-patronal","26":"tag-televisao","27":"tag-tv","28":"tag-tv-aberta","29":"tag-tv-digital"},"_links":{"self":[{"href":"https:\/\/sertsc.org.br\/site\/wp-json\/wp\/v2\/posts\/6363","targetHints":{"allow":["GET"]}}],"collection":[{"href":"https:\/\/sertsc.org.br\/site\/wp-json\/wp\/v2\/posts"}],"about":[{"href":"https:\/\/sertsc.org.br\/site\/wp-json\/wp\/v2\/types\/post"}],"author":[{"embeddable":true,"href":"https:\/\/sertsc.org.br\/site\/wp-json\/wp\/v2\/users\/1"}],"replies":[{"embeddable":true,"href":"https:\/\/sertsc.org.br\/site\/wp-json\/wp\/v2\/comments?post=6363"}],"version-history":[{"count":0,"href":"https:\/\/sertsc.org.br\/site\/wp-json\/wp\/v2\/posts\/6363\/revisions"}],"wp:featuredmedia":[{"embeddable":true,"href":"https:\/\/sertsc.org.br\/site\/wp-json\/"}],"wp:attachment":[{"href":"https:\/\/sertsc.org.br\/site\/wp-json\/wp\/v2\/media?parent=6363"}],"wp:term":[{"taxonomy":"category","embeddable":true,"href":"https:\/\/sertsc.org.br\/site\/wp-json\/wp\/v2\/categories?post=6363"},{"taxonomy":"post_tag","embeddable":true,"href":"https:\/\/sertsc.org.br\/site\/wp-json\/wp\/v2\/tags?post=6363"}],"curies":[{"name":"wp","href":"https:\/\/api.w.org\/{rel}","templated":true}]}}