{"id":6360,"date":"2017-12-11T14:20:46","date_gmt":"2017-12-11T16:20:46","guid":{"rendered":"http:\/\/www.sertsc.org.br\/site\/?p=6360"},"modified":"2017-12-11T14:20:46","modified_gmt":"2017-12-11T16:20:46","slug":"presidente-da-anatel-acompanha-na-capital-nova-etapa-de-entrega-de-kits-da-tv-digital","status":"publish","type":"post","link":"https:\/\/sertsc.org.br\/site\/presidente-da-anatel-acompanha-na-capital-nova-etapa-de-entrega-de-kits-da-tv-digital\/","title":{"rendered":"Presidente da Anatel acompanha na capital nova etapa de entrega de kits da TV Digital"},"content":{"rendered":"<p class=\"font-16\" style=\"text-align: justify;\">Benefici\u00e1rios de programas sociais do Governo federal t\u00eam direito ao kit<\/p>\n<p style=\"text-align: justify;\">O presidente da Ag\u00eancia Nacional de Telecomunica\u00e7\u00f5es (Anatel), Juarez Quadros, esteve nesta segunda-feira (11) em Florian\u00f3polis, para acompanhar a nova etapa de entrega de kits da TV Digital. O desligamento do sinal anal\u00f3gico de televis\u00e3o na capital e em mais seis munic\u00edpios da Regi\u00e3o est\u00e1 marcado para o dia 31 de janeiro\u00a0de 2018. T\u00eam direito a receber o kit, composto por um conversor, antena e controle remoto, todos os beneficiados por algum programa do Governo Federal. A meta da Seja Digital, que coordena as a\u00e7\u00f5es para a migra\u00e7\u00e3o do sinal anal\u00f3gico para o digital, \u00e9 entregar 50 mil kits.<\/p>\n<p style=\"text-align: justify;\">Em Florian\u00f3polis, o presidente da Anatel concedeu entrevista coletiva, acompanhado do presidente da Seja Digital, Ant\u00f4nio Marteletto, do presidente da ACAERT, Marcello Correa Petrelli, do diretor Regional da Anatel, engenheiro Estev\u00e3o Hobold, al\u00e9m de representantes das empresas de telefonia m\u00f3vel.<\/p>\n<p style=\"text-align: justify;\">Os kits da tv digital est\u00e3o sendo distribu\u00eddos na ag\u00eancia central dos Correios em Florian\u00f3polis. Em visita \u00e0\u00a0ag\u00eancia, o presidente da Anatel entregou o kit de n\u00famero 22 mil a moradora de Pontas das Canas, na capital, Irene Fagundes, de 81 anos.<\/p>\n<p style=\"text-align: justify;\">Em Santa Catarina, sete munic\u00edpios do Estado ter\u00e3o o sinal anal\u00f3gico da TV aberta encerrado no dia 31 de janeiro de 2018 (Florian\u00f3polis, S\u00e3o Jos\u00e9, Palho\u00e7a, Bigua\u00e7u, Paulo Lopes, Ant\u00f4nio Carlos e S\u00e3o Pedro de Alc\u00e2ntara).<\/p>\n<p class=\"font-11\" style=\"text-align: justify;\">Fonte: Assessoria de Imprensa ACAERT<\/p>\n","protected":false},"excerpt":{"rendered":"<p>Benefici\u00e1rios de programas sociais do Governo federal t\u00eam direito ao&hellip;<\/p>\n<p> <a class=\"more-link\" href=\"https:\/\/sertsc.org.br\/site\/presidente-da-anatel-acompanha-na-capital-nova-etapa-de-entrega-de-kits-da-tv-digital\/\">Leia mais<\/a><\/p>\n","protected":false},"author":1,"featured_media":6361,"comment_status":"closed","ping_status":"open","sticky":false,"template":"","format":"standard","meta":{"footnotes":""},"categories":[3],"tags":[67,50,70,65,51,62,43,52,63,66,64,71,53,54,46,60,47,56,61,58,69,59],"class_list":{"0":"post-6360","1":"post","2":"type-post","3":"status-publish","4":"format-standard","5":"has-post-thumbnail","7":"category-noticias","8":"tag-capacitacao","9":"tag-emissoras-de-radio","10":"tag-emissoras-de-radio-e-tv","11":"tag-emissoras-de-tv","12":"tag-encontro-regional","13":"tag-gestao","14":"tag-mctic","15":"tag-migracao-am-fm","16":"tag-planejamento-estrategico","17":"tag-radio-e-tv","18":"tag-redes-sociais","19":"tag-reforma-trabalhista","20":"tag-representante-patronal","21":"tag-santa-catarina","22":"tag-sc","23":"tag-seminarios","24":"tag-sertsc","25":"tag-sindicato-patronal","26":"tag-televisao","27":"tag-tv","28":"tag-tv-aberta","29":"tag-tv-digital"},"_links":{"self":[{"href":"https:\/\/sertsc.org.br\/site\/wp-json\/wp\/v2\/posts\/6360","targetHints":{"allow":["GET"]}}],"collection":[{"href":"https:\/\/sertsc.org.br\/site\/wp-json\/wp\/v2\/posts"}],"about":[{"href":"https:\/\/sertsc.org.br\/site\/wp-json\/wp\/v2\/types\/post"}],"author":[{"embeddable":true,"href":"https:\/\/sertsc.org.br\/site\/wp-json\/wp\/v2\/users\/1"}],"replies":[{"embeddable":true,"href":"https:\/\/sertsc.org.br\/site\/wp-json\/wp\/v2\/comments?post=6360"}],"version-history":[{"count":0,"href":"https:\/\/sertsc.org.br\/site\/wp-json\/wp\/v2\/posts\/6360\/revisions"}],"wp:featuredmedia":[{"embeddable":true,"href":"https:\/\/sertsc.org.br\/site\/wp-json\/"}],"wp:attachment":[{"href":"https:\/\/sertsc.org.br\/site\/wp-json\/wp\/v2\/media?parent=6360"}],"wp:term":[{"taxonomy":"category","embeddable":true,"href":"https:\/\/sertsc.org.br\/site\/wp-json\/wp\/v2\/categories?post=6360"},{"taxonomy":"post_tag","embeddable":true,"href":"https:\/\/sertsc.org.br\/site\/wp-json\/wp\/v2\/tags?post=6360"}],"curies":[{"name":"wp","href":"https:\/\/api.w.org\/{rel}","templated":true}]}}