{"id":6356,"date":"2017-12-11T13:45:41","date_gmt":"2017-12-11T15:45:41","guid":{"rendered":"http:\/\/www.sertsc.org.br\/site\/?p=6356"},"modified":"2017-12-11T13:45:41","modified_gmt":"2017-12-11T15:45:41","slug":"abert-define-data-para-o-28o-congresso-brasileiro-de-radiodifusao","status":"publish","type":"post","link":"https:\/\/sertsc.org.br\/site\/abert-define-data-para-o-28o-congresso-brasileiro-de-radiodifusao\/","title":{"rendered":"ABERT define data para o 28\u00ba Congresso Brasileiro de Radiodifus\u00e3o"},"content":{"rendered":"<p style=\"text-align: justify;\">A Associa\u00e7\u00e3o Brasileira de Emissoras de R\u00e1dio e Televis\u00e3o (ABERT) definiu as datas para a realiza\u00e7\u00e3o do 28\u00ba Congresso Brasileiro de Radiodifus\u00e3o. O evento, considerado o maior do setor da radiodifus\u00e3o, ser\u00e1 realizado nos dias 21 e 22 de agosto, no Centro de Conven\u00e7\u00f5es Brasil 21, em Bras\u00edlia.<\/p>\n<div style=\"text-align: justify;\">A cerim\u00f4nia de abertura contar\u00e1 com o presidente da Rep\u00fablica, Michel Temer. Al\u00e9m disso, o evento tamb\u00e9m ter\u00e1 a participa\u00e7\u00e3o de ministros e empres\u00e1rios do meio. De acordo com as informa\u00e7\u00f5es da associa\u00e7\u00e3o, o tema do congresso de 2018 ser\u00e1 \u201cSomos r\u00e1dio e televis\u00e3o: informa\u00e7\u00e3o e entretenimento gratuito com credibilidade. Somos Brasil\u201d.<\/div>\n<p style=\"text-align: justify;\">A ABERT levar\u00e1 nomes nacionais e internacionais das \u00e1reas da radiodifus\u00e3o e tecnologia para discutir a informa\u00e7\u00e3o gratuita e com credibilidade na era digital. A multiplica\u00e7\u00e3o da m\u00eddia no meio web tamb\u00e9m ser\u00e1 tema relevante durante o congresso.<\/p>\n<p style=\"text-align: justify;\">O diretor geral da ABERT, Luis Roberto Antonik, disse que ser\u00e1 a melhor edi\u00e7\u00e3o do congresso. \u201cQueremos fazer a melhor edi\u00e7\u00e3o do congresso da ABERT de todos os anos. Ser\u00e1 uma oportunidade imperd\u00edvel para os radiodifusores que buscam adquirir novos conhecimentos e contatos\u201d, ressaltou.<\/p>\n<p style=\"text-align: justify;\"><strong>Fonte:<\/strong>\u00a0Fenaert.<\/p>\n","protected":false},"excerpt":{"rendered":"<p>A Associa\u00e7\u00e3o Brasileira de Emissoras de R\u00e1dio e Televis\u00e3o (ABERT)&hellip;<\/p>\n<p> <a class=\"more-link\" href=\"https:\/\/sertsc.org.br\/site\/abert-define-data-para-o-28o-congresso-brasileiro-de-radiodifusao\/\">Leia mais<\/a><\/p>\n","protected":false},"author":1,"featured_media":6357,"comment_status":"closed","ping_status":"open","sticky":false,"template":"","format":"standard","meta":{"footnotes":""},"categories":[3],"tags":[67,50,70,65,51,62,43,52,63,66,64,71,53,54,46,60,47,56,61,58,69,59],"class_list":{"0":"post-6356","1":"post","2":"type-post","3":"status-publish","4":"format-standard","5":"has-post-thumbnail","7":"category-noticias","8":"tag-capacitacao","9":"tag-emissoras-de-radio","10":"tag-emissoras-de-radio-e-tv","11":"tag-emissoras-de-tv","12":"tag-encontro-regional","13":"tag-gestao","14":"tag-mctic","15":"tag-migracao-am-fm","16":"tag-planejamento-estrategico","17":"tag-radio-e-tv","18":"tag-redes-sociais","19":"tag-reforma-trabalhista","20":"tag-representante-patronal","21":"tag-santa-catarina","22":"tag-sc","23":"tag-seminarios","24":"tag-sertsc","25":"tag-sindicato-patronal","26":"tag-televisao","27":"tag-tv","28":"tag-tv-aberta","29":"tag-tv-digital"},"_links":{"self":[{"href":"https:\/\/sertsc.org.br\/site\/wp-json\/wp\/v2\/posts\/6356","targetHints":{"allow":["GET"]}}],"collection":[{"href":"https:\/\/sertsc.org.br\/site\/wp-json\/wp\/v2\/posts"}],"about":[{"href":"https:\/\/sertsc.org.br\/site\/wp-json\/wp\/v2\/types\/post"}],"author":[{"embeddable":true,"href":"https:\/\/sertsc.org.br\/site\/wp-json\/wp\/v2\/users\/1"}],"replies":[{"embeddable":true,"href":"https:\/\/sertsc.org.br\/site\/wp-json\/wp\/v2\/comments?post=6356"}],"version-history":[{"count":0,"href":"https:\/\/sertsc.org.br\/site\/wp-json\/wp\/v2\/posts\/6356\/revisions"}],"wp:featuredmedia":[{"embeddable":true,"href":"https:\/\/sertsc.org.br\/site\/wp-json\/"}],"wp:attachment":[{"href":"https:\/\/sertsc.org.br\/site\/wp-json\/wp\/v2\/media?parent=6356"}],"wp:term":[{"taxonomy":"category","embeddable":true,"href":"https:\/\/sertsc.org.br\/site\/wp-json\/wp\/v2\/categories?post=6356"},{"taxonomy":"post_tag","embeddable":true,"href":"https:\/\/sertsc.org.br\/site\/wp-json\/wp\/v2\/tags?post=6356"}],"curies":[{"name":"wp","href":"https:\/\/api.w.org\/{rel}","templated":true}]}}