{"id":6352,"date":"2017-12-11T08:58:18","date_gmt":"2017-12-11T10:58:18","guid":{"rendered":"http:\/\/www.sertsc.org.br\/site\/?p=6352"},"modified":"2017-12-11T08:58:18","modified_gmt":"2017-12-11T10:58:18","slug":"ampanha-em-radio-e-tv-valoriza-experiencia-da-pessoa-idosa","status":"publish","type":"post","link":"https:\/\/sertsc.org.br\/site\/ampanha-em-radio-e-tv-valoriza-experiencia-da-pessoa-idosa\/","title":{"rendered":"Campanha em r\u00e1dio e TV valoriza experi\u00eancia da pessoa idosa"},"content":{"rendered":"<p style=\"text-align: justify;\">A AERP e o SERT-PR apoiam a campanha de valoriza\u00e7\u00e3o de pessoas com mais de 60 anos, lan\u00e7ada recentemente pela Secretaria de Estado da Fam\u00edlia e Desenvolvimento Social (Seds) em parceria com o Conselho Estadual dos Direitos da Pessoa Idosa (Cedi) em todo o Paran\u00e1.<\/p>\n<p style=\"text-align: justify;\">A campanha de r\u00e1dio e televis\u00e3o j\u00e1 est\u00e1 no ar e tem como objetivo refor\u00e7ar o respeito \u00e0 pessoa idosa, al\u00e9m de promover os seus direitos de forma integral.<\/p>\n<p style=\"text-align: justify;\">Para a secret\u00e1ria de Estado da Fam\u00edlia e Desenvolvimento Social do Paran\u00e1, Fernanda Richa \u00e9 importante fomentar a participa\u00e7\u00e3o de pessoas idosas para que vivam, convivam, compartilhem a vida. \u201cTemos que garantir que essa popula\u00e7\u00e3o, que tanto j\u00e1 contribuiu com a sociedade, possa continuar compartilhando suas experi\u00eancias com outras gera\u00e7\u00f5es\u201d, afirmou.<\/p>\n<p style=\"text-align: justify;\">Fa\u00e7a o\u00a0<em>download\u00a0<\/em>do spot e do v\u00eddeo da campanha e participe desta a\u00e7\u00e3o:<\/p>\n<p style=\"text-align: justify;\"><strong>Spot da Campanha:<\/strong><\/p>\n<p style=\"text-align: justify;\"><a href=\"http:\/\/aerp.org.br\/portal\/wp-content\/uploads\/2017\/12\/Spot-R%C3%A1dio-Campanha-de-Valoriza%C3%A7%C3%A3o-da-Pessoa-Idosa1.mpeg\">Spot R\u00e1dio \u2013 Campanha de Valoriza\u00e7\u00e3o da Pessoa Idosa<\/a><\/p>\n<p style=\"text-align: justify;\"><strong>V\u00eddeo da campanha:<\/strong><\/p>\n<p style=\"text-align: justify;\"><a href=\"https:\/\/drive.google.com\/open?id=19QbPJgDJGs3mhH36g3ptW_yiikHQyy5y\">https:\/\/drive.google.com\/open?id=19QbPJgDJGs3mhH36g3ptW_yiikHQyy5y<\/a><\/p>\n<p style=\"text-align: justify;\">Fonte: AERP.<\/p>\n","protected":false},"excerpt":{"rendered":"<p>A AERP e o SERT-PR apoiam a campanha de valoriza\u00e7\u00e3o&hellip;<\/p>\n<p> <a class=\"more-link\" href=\"https:\/\/sertsc.org.br\/site\/ampanha-em-radio-e-tv-valoriza-experiencia-da-pessoa-idosa\/\">Leia mais<\/a><\/p>\n","protected":false},"author":1,"featured_media":6353,"comment_status":"closed","ping_status":"open","sticky":false,"template":"","format":"standard","meta":{"footnotes":""},"categories":[3],"tags":[67,50,70,65,51,62,43,52,63,66,64,71,53,54,46,60,47,56,61,58,69,59],"class_list":{"0":"post-6352","1":"post","2":"type-post","3":"status-publish","4":"format-standard","5":"has-post-thumbnail","7":"category-noticias","8":"tag-capacitacao","9":"tag-emissoras-de-radio","10":"tag-emissoras-de-radio-e-tv","11":"tag-emissoras-de-tv","12":"tag-encontro-regional","13":"tag-gestao","14":"tag-mctic","15":"tag-migracao-am-fm","16":"tag-planejamento-estrategico","17":"tag-radio-e-tv","18":"tag-redes-sociais","19":"tag-reforma-trabalhista","20":"tag-representante-patronal","21":"tag-santa-catarina","22":"tag-sc","23":"tag-seminarios","24":"tag-sertsc","25":"tag-sindicato-patronal","26":"tag-televisao","27":"tag-tv","28":"tag-tv-aberta","29":"tag-tv-digital"},"_links":{"self":[{"href":"https:\/\/sertsc.org.br\/site\/wp-json\/wp\/v2\/posts\/6352","targetHints":{"allow":["GET"]}}],"collection":[{"href":"https:\/\/sertsc.org.br\/site\/wp-json\/wp\/v2\/posts"}],"about":[{"href":"https:\/\/sertsc.org.br\/site\/wp-json\/wp\/v2\/types\/post"}],"author":[{"embeddable":true,"href":"https:\/\/sertsc.org.br\/site\/wp-json\/wp\/v2\/users\/1"}],"replies":[{"embeddable":true,"href":"https:\/\/sertsc.org.br\/site\/wp-json\/wp\/v2\/comments?post=6352"}],"version-history":[{"count":0,"href":"https:\/\/sertsc.org.br\/site\/wp-json\/wp\/v2\/posts\/6352\/revisions"}],"wp:featuredmedia":[{"embeddable":true,"href":"https:\/\/sertsc.org.br\/site\/wp-json\/"}],"wp:attachment":[{"href":"https:\/\/sertsc.org.br\/site\/wp-json\/wp\/v2\/media?parent=6352"}],"wp:term":[{"taxonomy":"category","embeddable":true,"href":"https:\/\/sertsc.org.br\/site\/wp-json\/wp\/v2\/categories?post=6352"},{"taxonomy":"post_tag","embeddable":true,"href":"https:\/\/sertsc.org.br\/site\/wp-json\/wp\/v2\/tags?post=6352"}],"curies":[{"name":"wp","href":"https:\/\/api.w.org\/{rel}","templated":true}]}}