{"id":6349,"date":"2017-12-08T11:18:13","date_gmt":"2017-12-08T13:18:13","guid":{"rendered":"http:\/\/www.sertsc.org.br\/site\/?p=6349"},"modified":"2017-12-08T11:18:13","modified_gmt":"2017-12-08T13:18:13","slug":"anatel-promove-tv-digital-na-regiao-sul","status":"publish","type":"post","link":"https:\/\/sertsc.org.br\/site\/anatel-promove-tv-digital-na-regiao-sul\/","title":{"rendered":"Anatel promove TV Digital na Regi\u00e3o Sul"},"content":{"rendered":"<p style=\"text-align: justify;\">O presidente da Ag\u00eancia Nacional de Telecomunica\u00e7\u00f5es (Anatel), Juarez Quadros, concede entrevistas coletivas na pr\u00f3xima semana em Florian\u00f3polis (SC), dia 11\/12; em Porto Alegre (RS), em 12\/12; e Curitiba (PR), em 13\/12, sobre o desligamento do sinal anal\u00f3gico da TV aberta e a implanta\u00e7\u00e3o da TV digital.<\/p>\n<p style=\"text-align: justify;\">Os encontros, nas sedes da Anatel nos estados, ser\u00e3o realizados \u00e0s 10h30. O desligamento do sinal anal\u00f3gico nestas tr\u00eas regi\u00f5es est\u00e1 marcado para o dia 31 de janeiro de 2018.<\/p>\n<p style=\"text-align: justify;\">Ap\u00f3s as entrevistas, o presidente da Anatel participar\u00e1 da entrega dos kits gratuitos da TV Digital nos Pontos de Distribui\u00e7\u00e3o das capitais. \u00a0Compostos por conversor de sinal, antena e controle remoto, os kits s\u00e3o distribu\u00eddos \u00e0s fam\u00edlias inscritas no Cadastro \u00danico do Governo Federal.<\/p>\n<p style=\"text-align: justify;\">Na cidade de Florian\u00f3polis, Quadros entregar\u00e1 o kit da TV Digital de n\u00ba 22 mil de um total de 50 mil unidades, em Porto Alegre entregar\u00e1 o kit n\u00ba 315 mil de um total de 480 mil, e em Curitiba ser\u00e1 o kit n\u00ba 225 mil de um total de 369 mil.<\/p>\n<p style=\"text-align: justify;\">O sinal digital na TV aberta garante ao telespectador uma maior qualidade de sons e imagens do que as transmiss\u00f5es anal\u00f3gicas. Al\u00e9m disso, o desligamento do sinal anal\u00f3gico permite a libera\u00e7\u00e3o da faixa de 700 MHz (4G) para transmiss\u00f5es de banda larga e telefonia m\u00f3vel, com velocidade de conex\u00e3o e melhor recep\u00e7\u00e3o em ambientes fechados.<\/p>\n<p style=\"text-align: justify;\">Em Santa Catarina, cinco munic\u00edpios do Estado ter\u00e3o o sinal anal\u00f3gico da TV aberta encerrado no dia 31 de janeiro de 2018 (Bigua\u00e7u, Florian\u00f3polis, Palho\u00e7a, Paulo Lopes e S\u00e3o Jos\u00e9).<\/p>\n<p style=\"text-align: justify;\">No Rio Grande do Sul, ser\u00e3o 89 nove munic\u00edpios ( Alto Feliz, Alvorada, Araric\u00e1, Arroio do Meio, Arroio dos Ratos, Balne\u00e1rio Pinhal, Bar\u00e3o, Bar\u00e3o do Triunfo, Barra do Ribeiro, Bento Gon\u00e7alves, Boa Vista do Sul, Bom Retiro do Sul, Brochier, Buti\u00e1, Cachoeirinha, Campestre da Serra, Campo Bom, Canela, Canoas, Capela de Santana, Capivari do Sul, Carlos Barbosa, Caxias do Sul, Charqueadas, Cidreira, Colinas, Dois Irm\u00e3os, Eldorado do Sul, Est\u00e2ncia Velha, Esteio, Estrela, Farroupilha, Fazenda Vilanova, Feliz, Flores da Cunha, Garibaldi, General C\u00e2mara, Glorinha, Gramado, Gravata\u00ed, Gua\u00edba, Harmonia, Igrejinha, Imb\u00e9, Imigrante, Ivoti, Lajeado, Linha Nova, Monte Belo do Sul, Montenegro, Morro Reuter, Nova Petr\u00f3polis, Nova Roma do Sul, Nova Santa Rita, Novo Hamburgo, Os\u00f3rio, Palmares do Sul, Pareci Novo, Parob\u00e9, Paverama, Picada Caf\u00e9, Port\u00e3o, Porto Alegre, Presidente Lucena, Rolante, Santo Ant\u00f4nio da Patrulha, S\u00e3o Francisco de Paula, S\u00e3o Jer\u00f4nimo, S\u00e3o Jos\u00e9 do Hort\u00eancio, S\u00e3o Jos\u00e9 do Sul, S\u00e3o Leopoldo, S\u00e3o Marcos, S\u00e3o Sebasti\u00e3o do Ca\u00ed, Sapiranga, Sapucaia do Sul, Taba\u00ed, Tapes, Taquara, Taquari, Teut\u00f4nia, Tramanda\u00ed, Tr\u00eas Coroas, Triunfo, Tupandi, Vale Real, Veran\u00f3polis, Viam\u00e3o, Westf\u00e1lia e Xangri-L\u00e1).<\/p>\n<p style=\"text-align: justify;\">E no Paran\u00e1, ser\u00e3o 27 munic\u00edpios (Almirante Tamandar\u00e9, Arauc\u00e1ria, Balsa Nova, Bocai\u00fava do Sul, Campina Grande do Sul, Campo Largo, Campo Magro, Carambe\u00ed, Colombo, Contenda, Curitiba, Fazenda Rio Grande, Guaratuba, Imbituva, Itaperu\u00e7u, Lapa, Mandirituba, Palmeira, Pinhais, Piraquara, Ponta Grossa, Quatro Barras, Rio Branco do Sul, S\u00e3o Jos\u00e9 dos Pinhais, Teixeira Soares, Tijucas do Sul e Tunas do Paran\u00e1).<\/p>\n<p style=\"text-align: justify;\"><strong>Pauta:<\/strong>\u00a0 Entrevistas coletivas do presidente da Anatel<strong><em>\u00a0<\/em><\/strong><\/p>\n<p style=\"text-align: justify;\"><strong>Santa Catarina<\/strong><\/p>\n<p style=\"text-align: justify;\"><strong>Data:<\/strong>\u00a0 segunda-feira (11\/12)<\/p>\n<p style=\"text-align: justify;\"><strong>Hor\u00e1rio:<\/strong>\u00a010h30<\/p>\n<p style=\"text-align: justify;\"><strong>Local:<\/strong>\u00a0Rua Saldanha Marinho, n\u00ba 205, Centro &#8211;\u00a0Florian\u00f3polis<\/p>\n<p style=\"text-align: justify;\"><strong>Entrega dos Kits:\u00a0<\/strong>Pra\u00e7a XV de Novembro, 242 (Centro), Florian\u00f3polis.<\/p>\n<p style=\"text-align: justify;\">\n<p style=\"text-align: justify;\"><strong>Rio Grande do Sul<\/strong><\/p>\n<p style=\"text-align: justify;\"><strong>Data:<\/strong>\u00a0 ter\u00e7a-feira (12\/12)<\/p>\n<p style=\"text-align: justify;\"><strong>Hor\u00e1rio:<\/strong>\u00a010h30<\/p>\n<p style=\"text-align: justify;\"><strong>Local:<\/strong>\u00a0Rua Princesa Isabel, n\u00ba 778 &#8211; Santana &#8211;\u00a0Porto Alegre<\/p>\n<p style=\"text-align: justify;\"><strong>Entrega dos kits:<\/strong>\u00a0Central dos Correios, Rua Siqueira Campos, n\u00ba 1.100 (Centro Hist\u00f3rico) Porto Alegre.<\/p>\n<p style=\"text-align: justify;\">\n<p style=\"text-align: justify;\"><strong>Paran\u00e1<\/strong><\/p>\n<p style=\"text-align: justify;\"><strong>Data:<\/strong>\u00a0 quarta-feira (13\/12)<\/p>\n<p style=\"text-align: justify;\"><strong>Hor\u00e1rio:<\/strong>\u00a010h30<\/p>\n<p style=\"text-align: justify;\"><strong>Local:<\/strong>\u00a0Rua Vicente Machado, n\u00b0 720 &#8211; Batel &#8211;\u00a0 Curitiba<\/p>\n<p style=\"text-align: justify;\"><strong>Entrega de kits:<\/strong>\u00a0Ag\u00eancia Central dos Correios, Avenida Marechal Deodoro, n\u00ba 700 (Centro), Curitiba.<\/p>\n<p style=\"text-align: justify;\">\n<p style=\"text-align: justify;\">Fonte: Anatel.<\/p>\n","protected":false},"excerpt":{"rendered":"<p>O presidente da Ag\u00eancia Nacional de Telecomunica\u00e7\u00f5es (Anatel), Juarez Quadros,&hellip;<\/p>\n<p> <a class=\"more-link\" href=\"https:\/\/sertsc.org.br\/site\/anatel-promove-tv-digital-na-regiao-sul\/\">Leia mais<\/a><\/p>\n","protected":false},"author":1,"featured_media":6350,"comment_status":"closed","ping_status":"open","sticky":false,"template":"","format":"standard","meta":{"footnotes":""},"categories":[3],"tags":[67,50,70,65,51,62,43,52,63,66,64,71,53,54,46,60,47,56,61,58,69,59],"class_list":{"0":"post-6349","1":"post","2":"type-post","3":"status-publish","4":"format-standard","5":"has-post-thumbnail","7":"category-noticias","8":"tag-capacitacao","9":"tag-emissoras-de-radio","10":"tag-emissoras-de-radio-e-tv","11":"tag-emissoras-de-tv","12":"tag-encontro-regional","13":"tag-gestao","14":"tag-mctic","15":"tag-migracao-am-fm","16":"tag-planejamento-estrategico","17":"tag-radio-e-tv","18":"tag-redes-sociais","19":"tag-reforma-trabalhista","20":"tag-representante-patronal","21":"tag-santa-catarina","22":"tag-sc","23":"tag-seminarios","24":"tag-sertsc","25":"tag-sindicato-patronal","26":"tag-televisao","27":"tag-tv","28":"tag-tv-aberta","29":"tag-tv-digital"},"_links":{"self":[{"href":"https:\/\/sertsc.org.br\/site\/wp-json\/wp\/v2\/posts\/6349","targetHints":{"allow":["GET"]}}],"collection":[{"href":"https:\/\/sertsc.org.br\/site\/wp-json\/wp\/v2\/posts"}],"about":[{"href":"https:\/\/sertsc.org.br\/site\/wp-json\/wp\/v2\/types\/post"}],"author":[{"embeddable":true,"href":"https:\/\/sertsc.org.br\/site\/wp-json\/wp\/v2\/users\/1"}],"replies":[{"embeddable":true,"href":"https:\/\/sertsc.org.br\/site\/wp-json\/wp\/v2\/comments?post=6349"}],"version-history":[{"count":0,"href":"https:\/\/sertsc.org.br\/site\/wp-json\/wp\/v2\/posts\/6349\/revisions"}],"wp:featuredmedia":[{"embeddable":true,"href":"https:\/\/sertsc.org.br\/site\/wp-json\/"}],"wp:attachment":[{"href":"https:\/\/sertsc.org.br\/site\/wp-json\/wp\/v2\/media?parent=6349"}],"wp:term":[{"taxonomy":"category","embeddable":true,"href":"https:\/\/sertsc.org.br\/site\/wp-json\/wp\/v2\/categories?post=6349"},{"taxonomy":"post_tag","embeddable":true,"href":"https:\/\/sertsc.org.br\/site\/wp-json\/wp\/v2\/tags?post=6349"}],"curies":[{"name":"wp","href":"https:\/\/api.w.org\/{rel}","templated":true}]}}