{"id":6340,"date":"2017-12-07T10:22:16","date_gmt":"2017-12-07T12:22:16","guid":{"rendered":"http:\/\/www.sertsc.org.br\/site\/?p=6340"},"modified":"2017-12-07T10:22:16","modified_gmt":"2017-12-07T12:22:16","slug":"aesp-debate-o-radio-na-atualidade","status":"publish","type":"post","link":"https:\/\/sertsc.org.br\/site\/aesp-debate-o-radio-na-atualidade\/","title":{"rendered":"AESP debate o r\u00e1dio na atualidade"},"content":{"rendered":"<div class=\"itemIntroText\">\n<p style=\"text-align: justify;\">A experi\u00eancia p\u00f3s-migra\u00e7\u00e3o das r\u00e1dios AM que j\u00e1 est\u00e3o operando em FM, as tend\u00eancias de tecnologia para o r\u00e1dio, a ativa\u00e7\u00e3o do chip FM nos celulares e a ocupa\u00e7\u00e3o da faixa estendida pelo FM s\u00e3o alguns dos temas que estar\u00e3o em debate no semin\u00e1rio \u201cAs op\u00e7\u00f5es de preserva\u00e7\u00e3o do conte\u00fado do r\u00e1dio na atualidade&#8221;. Promovido pela Associa\u00e7\u00e3o das Emissoras de R\u00e1dio e Televis\u00e3o do Estado de S\u00e3o Paulo (AESP), o encontro acontece na pr\u00f3xima segunda-feira (11), em S\u00e3o Paulo.<\/p>\n<\/div>\n<div class=\"itemFullText\">\n<p style=\"text-align: justify;\">O diretor de R\u00e1dio da ABERT, Andr\u00e9 Cintra, apresentar\u00e1 o painel \u201cMigrando a Migra\u00e7\u00e3o\u201d, quando far\u00e1 um balan\u00e7o sobre o processo que envolve quase 1,5 mil r\u00e1dios AM brasileiras. Tamb\u00e9m participar\u00e3o do semin\u00e1rio o engenheiro Eduardo Cappia e Jos\u00e9 Mauro \u00c1vila, ambos do Comit\u00ea T\u00e9cnico da AESP, e Marco T\u00falio Nascimento, da SET\/ZYDigital. O ministro da Ci\u00eancia, Tecnologia, Inova\u00e7\u00f5es e Comunica\u00e7\u00f5es, Gilberto Kassab, participar\u00e1 da abertura do encontro.<\/p>\n<p style=\"text-align: justify;\">As inscri\u00e7\u00f5es est\u00e3o abertas pelo e-mail\u00a0<span id=\"cloak8461fa82c3301110ff4a20bb5f005f89\"><a href=\"mailto:gelda@aesp.org.br\" target=\"_blank\" rel=\"noopener noreferrer\">gelda@aesp.org.br<\/a><\/span>\u00a0ou pelo telefone (11) 2164-0900.<\/p>\n<p style=\"text-align: justify;\">Fonte: ABERT.<\/p>\n<\/div>\n","protected":false},"excerpt":{"rendered":"<p>A experi\u00eancia p\u00f3s-migra\u00e7\u00e3o das r\u00e1dios AM que j\u00e1 est\u00e3o operando&hellip;<\/p>\n<p> <a class=\"more-link\" href=\"https:\/\/sertsc.org.br\/site\/aesp-debate-o-radio-na-atualidade\/\">Leia mais<\/a><\/p>\n","protected":false},"author":1,"featured_media":6341,"comment_status":"closed","ping_status":"open","sticky":false,"template":"","format":"standard","meta":{"footnotes":""},"categories":[3],"tags":[67,50,70,65,51,62,43,52,63,66,64,71,53,54,46,60,47,56,61,58,69,59],"class_list":{"0":"post-6340","1":"post","2":"type-post","3":"status-publish","4":"format-standard","5":"has-post-thumbnail","7":"category-noticias","8":"tag-capacitacao","9":"tag-emissoras-de-radio","10":"tag-emissoras-de-radio-e-tv","11":"tag-emissoras-de-tv","12":"tag-encontro-regional","13":"tag-gestao","14":"tag-mctic","15":"tag-migracao-am-fm","16":"tag-planejamento-estrategico","17":"tag-radio-e-tv","18":"tag-redes-sociais","19":"tag-reforma-trabalhista","20":"tag-representante-patronal","21":"tag-santa-catarina","22":"tag-sc","23":"tag-seminarios","24":"tag-sertsc","25":"tag-sindicato-patronal","26":"tag-televisao","27":"tag-tv","28":"tag-tv-aberta","29":"tag-tv-digital"},"_links":{"self":[{"href":"https:\/\/sertsc.org.br\/site\/wp-json\/wp\/v2\/posts\/6340","targetHints":{"allow":["GET"]}}],"collection":[{"href":"https:\/\/sertsc.org.br\/site\/wp-json\/wp\/v2\/posts"}],"about":[{"href":"https:\/\/sertsc.org.br\/site\/wp-json\/wp\/v2\/types\/post"}],"author":[{"embeddable":true,"href":"https:\/\/sertsc.org.br\/site\/wp-json\/wp\/v2\/users\/1"}],"replies":[{"embeddable":true,"href":"https:\/\/sertsc.org.br\/site\/wp-json\/wp\/v2\/comments?post=6340"}],"version-history":[{"count":0,"href":"https:\/\/sertsc.org.br\/site\/wp-json\/wp\/v2\/posts\/6340\/revisions"}],"wp:featuredmedia":[{"embeddable":true,"href":"https:\/\/sertsc.org.br\/site\/wp-json\/"}],"wp:attachment":[{"href":"https:\/\/sertsc.org.br\/site\/wp-json\/wp\/v2\/media?parent=6340"}],"wp:term":[{"taxonomy":"category","embeddable":true,"href":"https:\/\/sertsc.org.br\/site\/wp-json\/wp\/v2\/categories?post=6340"},{"taxonomy":"post_tag","embeddable":true,"href":"https:\/\/sertsc.org.br\/site\/wp-json\/wp\/v2\/tags?post=6340"}],"curies":[{"name":"wp","href":"https:\/\/api.w.org\/{rel}","templated":true}]}}