{"id":6337,"date":"2017-12-07T10:06:17","date_gmt":"2017-12-07T12:06:17","guid":{"rendered":"http:\/\/www.sertsc.org.br\/site\/?p=6337"},"modified":"2017-12-07T10:06:17","modified_gmt":"2017-12-07T12:06:17","slug":"emissoras-de-radio-am-ganham-novo-prazo-para-solicitar-migracao-para-fm","status":"publish","type":"post","link":"https:\/\/sertsc.org.br\/site\/emissoras-de-radio-am-ganham-novo-prazo-para-solicitar-migracao-para-fm\/","title":{"rendered":"Emissoras de r\u00e1dio AM ganham novo prazo para solicitar a migra\u00e7\u00e3o para FM"},"content":{"rendered":"<p style=\"text-align: justify;\">As emissoras de r\u00e1dio AM v\u00e3o ganhar um novo prazo para pedir ao Minist\u00e9rio da Ci\u00eancia, Tecnologia, Inova\u00e7\u00f5es e Comunica\u00e7\u00f5es (MCTIC) a migra\u00e7\u00e3o para a faixa de FM. O decreto que permitir\u00e1 \u00e0s emissoras fazer a solicita\u00e7\u00e3o ser\u00e1 encaminhado nos pr\u00f3ximos dias \u00e0 Presid\u00eancia da Rep\u00fablica, anunciou o ministro Gilberto Kassab nesta quarta-feira (6) durante o \u00faltimo mutir\u00e3o do ano em que 50 emissoras de r\u00e1dio assinaram o termo aditivo para migrar do AM para o FM.<\/p>\n<p style=\"text-align: justify;\">Na cerim\u00f4nia, o ministro destacou o sucesso do processo de migra\u00e7\u00e3o, que chega ao fim deste ano com 620 esta\u00e7\u00f5es de r\u00e1dios de todo o pa\u00eds prontas para operar na faixa de FM. \u201cA quest\u00e3o das r\u00e1dios e das migra\u00e7\u00f5es estar\u00e1 totalmente solucionada ao longo de 2018\u201d, garantiu Kassab.<\/p>\n<p style=\"text-align: justify;\">Das 1.781 r\u00e1dios AM do Brasil, 1.332 solicitaram a mudan\u00e7a de faixa. Com o decreto, ser\u00e1 aberta uma nova chance para as demais emissoras pedirem para fazer a migra\u00e7\u00e3o.<\/p>\n<p style=\"text-align: justify;\">\u201cAo longo dos \u00faltimos meses, em um trabalho conjunto, tivemos resultados not\u00e1veis como em nenhum outro momento da radiodifus\u00e3o\u201d, afirmou o ministro, citando a migra\u00e7\u00e3o das AMs, a desburocratiza\u00e7\u00e3o dos processos e a implanta\u00e7\u00e3o do Sistema Brasileiro de TV digital, que j\u00e1 beneficiou uma popula\u00e7\u00e3o de mais de 70 milh\u00f5es de pessoas.<\/p>\n<p style=\"text-align: justify;\">O ministro explicou que a implanta\u00e7\u00e3o da TV digital traz outros resultados importantes, como a expans\u00e3o da tecnologia 4G e a libera\u00e7\u00e3o da faixa estendida. Com o desligamento do sinal anal\u00f3gico, os canais 5 e 6, que hoje s\u00e3o ocupados por canais de TV anal\u00f3gicos, ser\u00e3o desocupados e destinados \u00e0 FM. Com isso, as FMs poder\u00e3o ser sintonizadas na faixa de 76 MHz a 107.9 MHz. Kassab lembrou ainda que, a partir de janeiro de 2019, conforme prev\u00ea portaria do MCTIC, a ind\u00fastria ser\u00e1 obrigada a fabricar equipamentos compat\u00edveis com a faixa estendida.<\/p>\n<p style=\"text-align: justify;\"><strong>Avan\u00e7o<\/strong><\/p>\n<p style=\"text-align: justify;\">Durante a cerim\u00f4nia, o conselheiro da Associa\u00e7\u00e3o Brasileira de Emissoras de R\u00e1dio e Televis\u00e3o (Abert) Fl\u00e1vio Lara Resende destacou que a migra\u00e7\u00e3o para o FM \u00e9 uma vit\u00f3ria do setor e representa o maior avan\u00e7o do r\u00e1dio brasileiro nas \u00faltimas d\u00e9cadas, beneficiando 25 milh\u00f5es de ouvintes. \u201cEsse processo \u00e9 fundamental para a sobreviv\u00eancia das r\u00e1dios AM no Brasil.\u201d<\/p>\n<p style=\"text-align: justify;\">O diretor da Associa\u00e7\u00e3o Brasileira de R\u00e1dio e Televis\u00e3o (Abratel), \u00c1lvaro Vasconcelos, refor\u00e7ou que a mudan\u00e7a de faixa \u00e9 uma oportunidade para as emissoras que vai repercutir no faturamento e na audi\u00eancia das empresas. \u201cEssas r\u00e1dios v\u00e3o continuar servindo a popula\u00e7\u00e3o de forma gratuita e com mais qualidade.\u201d<\/p>\n<p style=\"text-align: justify;\"><strong>Marco<\/strong><\/p>\n<p style=\"text-align: justify;\">No mutir\u00e3o desta quarta-feira, a Funda\u00e7\u00e3o Emissora Rural, de Petrolina (PE), foi uma das contempladas. Para o representante da emissora, Daniel Campos, uma das principais vantagens \u00e9 a possibilidade de que as AMs sejam sintonizadas em dispositivos tecnol\u00f3gicos, sem perder o alcance atual. \u201cO evento de hoje \u00e9 um marco t\u00e3o importante quanto o de quando a emissora recebeu a permiss\u00e3o para come\u00e7ar a operar, h\u00e1 55 anos.\u201d<\/p>\n<p style=\"text-align: justify;\">A cerim\u00f4nia de migra\u00e7\u00e3o de r\u00e1dios AM para FM tamb\u00e9m contou com a participa\u00e7\u00e3o da secret\u00e1ria de Radiodifus\u00e3o, Vanda Nogueira, do governador do Esp\u00edrito Santo, Paulo Hartung, e de representantes das 50 emissoras que assinaram o termo aditivo para adapta\u00e7\u00e3o da outorga. Desde o ano passado, o MCTIC promoveu 14 mutir\u00f5es de assinaturas em diferentes estados brasileiros.<\/p>\n<p style=\"text-align: justify;\">Fonte: MCTIC<\/p>\n","protected":false},"excerpt":{"rendered":"<p>As emissoras de r\u00e1dio AM v\u00e3o ganhar um novo prazo&hellip;<\/p>\n<p> <a class=\"more-link\" href=\"https:\/\/sertsc.org.br\/site\/emissoras-de-radio-am-ganham-novo-prazo-para-solicitar-migracao-para-fm\/\">Leia mais<\/a><\/p>\n","protected":false},"author":1,"featured_media":6338,"comment_status":"closed","ping_status":"open","sticky":false,"template":"","format":"standard","meta":{"footnotes":""},"categories":[3],"tags":[67,50,70,65,51,62,43,52,63,66,64,71,53,54,46,60,47,56,61,58,69,59],"class_list":{"0":"post-6337","1":"post","2":"type-post","3":"status-publish","4":"format-standard","5":"has-post-thumbnail","7":"category-noticias","8":"tag-capacitacao","9":"tag-emissoras-de-radio","10":"tag-emissoras-de-radio-e-tv","11":"tag-emissoras-de-tv","12":"tag-encontro-regional","13":"tag-gestao","14":"tag-mctic","15":"tag-migracao-am-fm","16":"tag-planejamento-estrategico","17":"tag-radio-e-tv","18":"tag-redes-sociais","19":"tag-reforma-trabalhista","20":"tag-representante-patronal","21":"tag-santa-catarina","22":"tag-sc","23":"tag-seminarios","24":"tag-sertsc","25":"tag-sindicato-patronal","26":"tag-televisao","27":"tag-tv","28":"tag-tv-aberta","29":"tag-tv-digital"},"_links":{"self":[{"href":"https:\/\/sertsc.org.br\/site\/wp-json\/wp\/v2\/posts\/6337","targetHints":{"allow":["GET"]}}],"collection":[{"href":"https:\/\/sertsc.org.br\/site\/wp-json\/wp\/v2\/posts"}],"about":[{"href":"https:\/\/sertsc.org.br\/site\/wp-json\/wp\/v2\/types\/post"}],"author":[{"embeddable":true,"href":"https:\/\/sertsc.org.br\/site\/wp-json\/wp\/v2\/users\/1"}],"replies":[{"embeddable":true,"href":"https:\/\/sertsc.org.br\/site\/wp-json\/wp\/v2\/comments?post=6337"}],"version-history":[{"count":0,"href":"https:\/\/sertsc.org.br\/site\/wp-json\/wp\/v2\/posts\/6337\/revisions"}],"wp:featuredmedia":[{"embeddable":true,"href":"https:\/\/sertsc.org.br\/site\/wp-json\/"}],"wp:attachment":[{"href":"https:\/\/sertsc.org.br\/site\/wp-json\/wp\/v2\/media?parent=6337"}],"wp:term":[{"taxonomy":"category","embeddable":true,"href":"https:\/\/sertsc.org.br\/site\/wp-json\/wp\/v2\/categories?post=6337"},{"taxonomy":"post_tag","embeddable":true,"href":"https:\/\/sertsc.org.br\/site\/wp-json\/wp\/v2\/tags?post=6337"}],"curies":[{"name":"wp","href":"https:\/\/api.w.org\/{rel}","templated":true}]}}