{"id":6329,"date":"2017-12-06T09:23:03","date_gmt":"2017-12-06T11:23:03","guid":{"rendered":"http:\/\/www.sertsc.org.br\/site\/?p=6329"},"modified":"2017-12-06T09:23:03","modified_gmt":"2017-12-06T11:23:03","slug":"entidades-da-radiodifusao-da-regiao-sul-fortalecem-parceria","status":"publish","type":"post","link":"https:\/\/sertsc.org.br\/site\/entidades-da-radiodifusao-da-regiao-sul-fortalecem-parceria\/","title":{"rendered":"Entidades da Radiodifus\u00e3o da Regi\u00e3o Sul fortalecem parceria"},"content":{"rendered":"<p style=\"text-align: justify;\"><strong>Objetivo \u00e9 estreitar rela\u00e7\u00f5es e identificar interesses comuns<\/strong><\/p>\n<p style=\"font-weight: 400; text-align: justify;\">Presidentes de entidades que representam a Radiodifus\u00e3o dos tr\u00eas estados do sul do pa\u00eds se reuniram no dia 04 de dezembro, no Hotel Deville, em Porto Alegre, para consolidar parceria que pode resultar em a\u00e7\u00f5es conjuntas. Participaram do encontro os presidentes da Associa\u00e7\u00e3o de Emissoras de Radiodifus\u00e3o do Paran\u00e1 &#8211; AERP e SERT (Paran\u00e1), Associa\u00e7\u00e3o Catarinense de Emissoras de R\u00e1dio e Televis\u00e3o &#8211; ACAERT e SERT (Santa Catarina) e Associa\u00e7\u00e3o Ga\u00facha de Emissoras de R\u00e1dio e Televis\u00e3o &#8211; AGERT e SindiR\u00e1dio (Rio Grande do Sul). De acordo com o presidente da ACAERT, Marcello Corr\u00eaa Petrelli, a ideia \u00e9 aproximar as entidades, identificando interesses comuns. Ficou acordado que o grupo se reunir\u00e1 a cada tr\u00eas meses.<\/p>\n\n<p style=\"font-weight: 400; text-align: justify;\">Fonte: Acaert.<\/p>\n<div class=\"mceTemp\"><\/div>\n","protected":false},"excerpt":{"rendered":"<p>Objetivo \u00e9 estreitar rela\u00e7\u00f5es e identificar interesses comuns Presidentes de&hellip;<\/p>\n<p> <a class=\"more-link\" href=\"https:\/\/sertsc.org.br\/site\/entidades-da-radiodifusao-da-regiao-sul-fortalecem-parceria\/\">Leia mais<\/a><\/p>\n","protected":false},"author":1,"featured_media":6331,"comment_status":"closed","ping_status":"open","sticky":false,"template":"","format":"standard","meta":{"footnotes":""},"categories":[33],"tags":[67,50,70,65,51,62,43,52,63,66,64,71,53,54,46,60,47,56,61,58,69,59],"class_list":{"0":"post-6329","1":"post","2":"type-post","3":"status-publish","4":"format-standard","5":"has-post-thumbnail","7":"category-destaques","8":"tag-capacitacao","9":"tag-emissoras-de-radio","10":"tag-emissoras-de-radio-e-tv","11":"tag-emissoras-de-tv","12":"tag-encontro-regional","13":"tag-gestao","14":"tag-mctic","15":"tag-migracao-am-fm","16":"tag-planejamento-estrategico","17":"tag-radio-e-tv","18":"tag-redes-sociais","19":"tag-reforma-trabalhista","20":"tag-representante-patronal","21":"tag-santa-catarina","22":"tag-sc","23":"tag-seminarios","24":"tag-sertsc","25":"tag-sindicato-patronal","26":"tag-televisao","27":"tag-tv","28":"tag-tv-aberta","29":"tag-tv-digital"},"_links":{"self":[{"href":"https:\/\/sertsc.org.br\/site\/wp-json\/wp\/v2\/posts\/6329","targetHints":{"allow":["GET"]}}],"collection":[{"href":"https:\/\/sertsc.org.br\/site\/wp-json\/wp\/v2\/posts"}],"about":[{"href":"https:\/\/sertsc.org.br\/site\/wp-json\/wp\/v2\/types\/post"}],"author":[{"embeddable":true,"href":"https:\/\/sertsc.org.br\/site\/wp-json\/wp\/v2\/users\/1"}],"replies":[{"embeddable":true,"href":"https:\/\/sertsc.org.br\/site\/wp-json\/wp\/v2\/comments?post=6329"}],"version-history":[{"count":0,"href":"https:\/\/sertsc.org.br\/site\/wp-json\/wp\/v2\/posts\/6329\/revisions"}],"wp:featuredmedia":[{"embeddable":true,"href":"https:\/\/sertsc.org.br\/site\/wp-json\/"}],"wp:attachment":[{"href":"https:\/\/sertsc.org.br\/site\/wp-json\/wp\/v2\/media?parent=6329"}],"wp:term":[{"taxonomy":"category","embeddable":true,"href":"https:\/\/sertsc.org.br\/site\/wp-json\/wp\/v2\/categories?post=6329"},{"taxonomy":"post_tag","embeddable":true,"href":"https:\/\/sertsc.org.br\/site\/wp-json\/wp\/v2\/tags?post=6329"}],"curies":[{"name":"wp","href":"https:\/\/api.w.org\/{rel}","templated":true}]}}