{"id":6320,"date":"2017-12-01T10:34:24","date_gmt":"2017-12-01T12:34:24","guid":{"rendered":"http:\/\/www.sertsc.org.br\/site\/?p=6320"},"modified":"2017-12-01T10:34:24","modified_gmt":"2017-12-01T12:34:24","slug":"abratel-participara-do-evento-para-migracao-da-faixa-am-para-fm-na-proxima-semana-mais-de-1-400-radios-solicitaram-migracao","status":"publish","type":"post","link":"https:\/\/sertsc.org.br\/site\/abratel-participara-do-evento-para-migracao-da-faixa-am-para-fm-na-proxima-semana-mais-de-1-400-radios-solicitaram-migracao\/","title":{"rendered":"Abratel participar\u00e1 do evento para migra\u00e7\u00e3o da faixa AM para FM na pr\u00f3xima semana; mais de 1.400 r\u00e1dios solicitaram a migra\u00e7\u00e3o"},"content":{"rendered":"<p style=\"text-align: justify;\">Na pr\u00f3xima quarta-feira (6), radiodifusores de todo o Brasil se reunir\u00e3o no Minist\u00e9rio das Comunica\u00e7\u00f5es, em Bras\u00edlia, para a solenidade de migra\u00e7\u00e3o AM\/FM. As novas outorgas j\u00e1 foram assinadas por mais de 500 emissoras de r\u00e1dio. Quem migrar para a faixa FM tem 180 dias para devolver a AM.<\/p>\n<p style=\"text-align: justify;\"><strong>Faixa estendida: vit\u00f3ria da Abratel<\/strong><\/p>\n<p style=\"text-align: justify;\">Com a migra\u00e7\u00e3o do AM para o FM, haver\u00e1 a necessidade do uso da faixa estendida, por isso, a mudan\u00e7a na industrializa\u00e7\u00e3o dos equipamentos \u00e9 necess\u00e1ria. Por isso, em setembro deste ano, durante o Congresso Abratel de Comunica\u00e7\u00e3o, realizado em S\u00e3o Paulo, os ministros Marcos Pereira e Gilberto Kassab assinaram a Portaria Interministerial n\u00ba 68, que altera o processo produtivo b\u00e1sico para aparelhos de \u00e1udio e v\u00eddeo industrializados na Zona Franca de Manaus.<\/p>\n<p style=\"text-align: justify;\">O documento assinado durante o Congresso diz que, \u201ca partir de 1\u00ba de janeiro de 2019, os aparelhos destinados \u00e0 recep\u00e7\u00e3o de ondas do tipo FM (frequ\u00eancia modulada) dever\u00e3o incorporar capacidade de recep\u00e7\u00e3o de frequ\u00eancias entre 76 MHz e 108 MHz.\u201d<\/p>\n<p style=\"text-align: justify;\"><em>Por Paulo Pimenta<\/em><br \/>\nAssessoria de Comunica\u00e7\u00e3o da Abratel<\/p>\n","protected":false},"excerpt":{"rendered":"<p>Na pr\u00f3xima quarta-feira (6), radiodifusores de todo o Brasil se&hellip;<\/p>\n<p> <a class=\"more-link\" href=\"https:\/\/sertsc.org.br\/site\/abratel-participara-do-evento-para-migracao-da-faixa-am-para-fm-na-proxima-semana-mais-de-1-400-radios-solicitaram-migracao\/\">Leia mais<\/a><\/p>\n","protected":false},"author":1,"featured_media":6322,"comment_status":"closed","ping_status":"open","sticky":false,"template":"","format":"standard","meta":{"footnotes":""},"categories":[3],"tags":[67,50,70,65,51,62,43,52,63,66,64,71,53,54,46,60,47,56,61,58,69,59],"class_list":{"0":"post-6320","1":"post","2":"type-post","3":"status-publish","4":"format-standard","5":"has-post-thumbnail","7":"category-noticias","8":"tag-capacitacao","9":"tag-emissoras-de-radio","10":"tag-emissoras-de-radio-e-tv","11":"tag-emissoras-de-tv","12":"tag-encontro-regional","13":"tag-gestao","14":"tag-mctic","15":"tag-migracao-am-fm","16":"tag-planejamento-estrategico","17":"tag-radio-e-tv","18":"tag-redes-sociais","19":"tag-reforma-trabalhista","20":"tag-representante-patronal","21":"tag-santa-catarina","22":"tag-sc","23":"tag-seminarios","24":"tag-sertsc","25":"tag-sindicato-patronal","26":"tag-televisao","27":"tag-tv","28":"tag-tv-aberta","29":"tag-tv-digital"},"_links":{"self":[{"href":"https:\/\/sertsc.org.br\/site\/wp-json\/wp\/v2\/posts\/6320","targetHints":{"allow":["GET"]}}],"collection":[{"href":"https:\/\/sertsc.org.br\/site\/wp-json\/wp\/v2\/posts"}],"about":[{"href":"https:\/\/sertsc.org.br\/site\/wp-json\/wp\/v2\/types\/post"}],"author":[{"embeddable":true,"href":"https:\/\/sertsc.org.br\/site\/wp-json\/wp\/v2\/users\/1"}],"replies":[{"embeddable":true,"href":"https:\/\/sertsc.org.br\/site\/wp-json\/wp\/v2\/comments?post=6320"}],"version-history":[{"count":0,"href":"https:\/\/sertsc.org.br\/site\/wp-json\/wp\/v2\/posts\/6320\/revisions"}],"wp:featuredmedia":[{"embeddable":true,"href":"https:\/\/sertsc.org.br\/site\/wp-json\/"}],"wp:attachment":[{"href":"https:\/\/sertsc.org.br\/site\/wp-json\/wp\/v2\/media?parent=6320"}],"wp:term":[{"taxonomy":"category","embeddable":true,"href":"https:\/\/sertsc.org.br\/site\/wp-json\/wp\/v2\/categories?post=6320"},{"taxonomy":"post_tag","embeddable":true,"href":"https:\/\/sertsc.org.br\/site\/wp-json\/wp\/v2\/tags?post=6320"}],"curies":[{"name":"wp","href":"https:\/\/api.w.org\/{rel}","templated":true}]}}