{"id":6318,"date":"2017-12-01T09:21:06","date_gmt":"2017-12-01T11:21:06","guid":{"rendered":"http:\/\/www.sertsc.org.br\/site\/?p=6318"},"modified":"2017-12-01T09:21:06","modified_gmt":"2017-12-01T11:21:06","slug":"deputado-sandro-alex-fala-sobre-projeto-de-lei-do-fm-no-celular-em-radios-de-sao-paulo","status":"publish","type":"post","link":"https:\/\/sertsc.org.br\/site\/deputado-sandro-alex-fala-sobre-projeto-de-lei-do-fm-no-celular-em-radios-de-sao-paulo\/","title":{"rendered":"Deputado Sandro Alex fala sobre projeto de lei do FM no celular em r\u00e1dios de S\u00e3o Paulo"},"content":{"rendered":"<p style=\"text-align: justify;\">O deputado federal Sandro Alex (PSD \u2013 PR) concedeu entrevista ao Jornal Gente, da R\u00e1dio Bandeirantes FM 90.9 AM 840, e ao Jornal da Manh\u00e3, da Jovem Pan AM 620 FM 90.9 de S\u00e3o Paulo na manh\u00e3 desta quinta-feira (30) para falar sobre o projeto de lei de sua autoria que obriga os fabricantes a ativar o chip FM em todos os celulares vendidos no Brasil. De acordo com o parlamentar paranaense, a ativa\u00e7\u00e3o n\u00e3o gera custo ao consumidor.<\/p>\n<p>Em entrevista aos apresentadores das r\u00e1dios, o deputado Sandro Alex afirmou que as empresas que montam celulares sofrem grande press\u00e3o das operadoras de telefonia para que o chip n\u00e3o seja ativado. Segundo ele, o motivo \u00e9 que os usu\u00e1rios de celulares utilizem os dados de internet para ouvir r\u00e1dio, o que favorece as operadoras. \u201c\u00c9 uma grande vit\u00f3ria dos ouvintes de r\u00e1dio, que v\u00e3o poder seguir para o trabalho ouvindo frequ\u00eancia aberta atrav\u00e9s da ferramenta que \u00e9 o celular. Sem custar um real a mais para ningu\u00e9m, vamos derrubar o lobby\u201d, disse.<\/p>\n<p>Sandro Alex informou ainda que,\u00a0ap\u00f3s ser aprovado na Comiss\u00e3o de Ci\u00eancia, Tecnologia, Comunica\u00e7\u00e3o e Inform\u00e1tica da C\u00e2mara dos Deputados (CCTCI), o projeto vai agora para an\u00e1lise da Comiss\u00e3o de Constitui\u00e7\u00e3o e Justi\u00e7a da C\u00e2mara e, se aprovado, segue para o Senado. \u201cEsperamos que o projeto seja aprovado. Caso for, ele vai virar lei nos primeiros meses de 2018. Ou seja, ainda no primeiro semestre, teremos a possibilidade de todos os celulares serem vendidos com FM ativado\u201d, informou.<\/p>\n<p>O r\u00e1dio FM no celular \u00e9 uma das prioridades da ABERT, que, em 2014, lan\u00e7ou a campanha \u201cSmart \u00e9 ter r\u00e1dio de gra\u00e7a no celular&#8221;, orientando o ouvinte a sempre escolher, na hora da compra, um aparelho celular que tenha o dispositivo de recep\u00e7\u00e3o de FM embutido. &#8220;Al\u00e9m da pluralidade que o r\u00e1dio proporciona, a aprova\u00e7\u00e3o desse projeto far\u00e1 com que todos possam ouvir a r\u00e1dio preferida de forma gratuita, sem ter que usar o pacote de dados do plano contratado pelo ouvinte\u201d, ressalta Antonik.<\/p>\n<p style=\"text-align: justify;\">Fonte: Tudo R\u00e1dio.<\/p>\n","protected":false},"excerpt":{"rendered":"<p>O deputado federal Sandro Alex (PSD \u2013 PR) concedeu entrevista&hellip;<\/p>\n<p> <a class=\"more-link\" href=\"https:\/\/sertsc.org.br\/site\/deputado-sandro-alex-fala-sobre-projeto-de-lei-do-fm-no-celular-em-radios-de-sao-paulo\/\">Leia mais<\/a><\/p>\n","protected":false},"author":1,"featured_media":6088,"comment_status":"closed","ping_status":"open","sticky":false,"template":"","format":"standard","meta":{"footnotes":""},"categories":[3],"tags":[67,50,70,65,51,62,43,52,63,66,64,71,53,54,46,60,47,56,61,58,69,59],"class_list":{"0":"post-6318","1":"post","2":"type-post","3":"status-publish","4":"format-standard","5":"has-post-thumbnail","7":"category-noticias","8":"tag-capacitacao","9":"tag-emissoras-de-radio","10":"tag-emissoras-de-radio-e-tv","11":"tag-emissoras-de-tv","12":"tag-encontro-regional","13":"tag-gestao","14":"tag-mctic","15":"tag-migracao-am-fm","16":"tag-planejamento-estrategico","17":"tag-radio-e-tv","18":"tag-redes-sociais","19":"tag-reforma-trabalhista","20":"tag-representante-patronal","21":"tag-santa-catarina","22":"tag-sc","23":"tag-seminarios","24":"tag-sertsc","25":"tag-sindicato-patronal","26":"tag-televisao","27":"tag-tv","28":"tag-tv-aberta","29":"tag-tv-digital"},"_links":{"self":[{"href":"https:\/\/sertsc.org.br\/site\/wp-json\/wp\/v2\/posts\/6318","targetHints":{"allow":["GET"]}}],"collection":[{"href":"https:\/\/sertsc.org.br\/site\/wp-json\/wp\/v2\/posts"}],"about":[{"href":"https:\/\/sertsc.org.br\/site\/wp-json\/wp\/v2\/types\/post"}],"author":[{"embeddable":true,"href":"https:\/\/sertsc.org.br\/site\/wp-json\/wp\/v2\/users\/1"}],"replies":[{"embeddable":true,"href":"https:\/\/sertsc.org.br\/site\/wp-json\/wp\/v2\/comments?post=6318"}],"version-history":[{"count":0,"href":"https:\/\/sertsc.org.br\/site\/wp-json\/wp\/v2\/posts\/6318\/revisions"}],"wp:featuredmedia":[{"embeddable":true,"href":"https:\/\/sertsc.org.br\/site\/wp-json\/"}],"wp:attachment":[{"href":"https:\/\/sertsc.org.br\/site\/wp-json\/wp\/v2\/media?parent=6318"}],"wp:term":[{"taxonomy":"category","embeddable":true,"href":"https:\/\/sertsc.org.br\/site\/wp-json\/wp\/v2\/categories?post=6318"},{"taxonomy":"post_tag","embeddable":true,"href":"https:\/\/sertsc.org.br\/site\/wp-json\/wp\/v2\/tags?post=6318"}],"curies":[{"name":"wp","href":"https:\/\/api.w.org\/{rel}","templated":true}]}}