{"id":6307,"date":"2017-11-29T15:37:22","date_gmt":"2017-11-29T17:37:22","guid":{"rendered":"http:\/\/www.sertsc.org.br\/site\/?p=6307"},"modified":"2017-11-29T15:37:22","modified_gmt":"2017-11-29T17:37:22","slug":"fm-no-celular-mais-uma-vitoria-do-radio-brasileiro","status":"publish","type":"post","link":"https:\/\/sertsc.org.br\/site\/fm-no-celular-mais-uma-vitoria-do-radio-brasileiro\/","title":{"rendered":"FM no celular: mais uma vit\u00f3ria do r\u00e1dio brasileiro"},"content":{"rendered":"<p style=\"text-align: justify;\">O r\u00e1dio brasileiro conquistou uma importante vit\u00f3ria nesta quarta-feira (29), com a aprova\u00e7\u00e3o, na Comiss\u00e3o de Ci\u00eancia, Tecnologia, Comunica\u00e7\u00e3o e Inform\u00e1tica da C\u00e2mara dos Deputados (CCTCI), do projeto de lei do deputado Sandro Alex (PSD\/PR) que obriga as empresas fabricantes ou montadoras de celular a disponibilizar a recep\u00e7\u00e3o do r\u00e1dio FM em todos os aparelhos.<\/p>\n<p>A aprova\u00e7\u00e3o veio ap\u00f3s intenso trabalho da ABERT junto ao governo federal e aos parlamentares federais.<\/p>\n<p>O texto foi aprovado na \u00edntegra, com apenas um voto contr\u00e1rio do deputado Eduardo Cury (PSDB\/SP).<\/p>\n<p>Apesar da press\u00e3o da Associa\u00e7\u00e3o Brasileira da Ind\u00fastria El\u00e9trica e Eletr\u00f4nica (Abinee), contr\u00e1ria \u00e0 proposta, no parecer favor\u00e1vel ao projeto, o relator Paulo Magalh\u00e3es (PSD\/BA) destacou a import\u00e2ncia social da medida, que tem como objetivo principal proteger os consumidores de menor poder aquisitivo.<\/p>\n<p>&#8220;Como se sabe, o aparelho celular \u00e9 um dos receptores de r\u00e1dio FM mais poderosos do mercado. As pessoas com alto poder aquisitivo escutam r\u00e1dio pelo aplicativo da emissora predileta. Entretanto, os menos privilegiados economicamente precisam do receptor integrado, pois escutar r\u00e1dio pelo streaming gasta muita bateria e consome os cr\u00e9ditos do plano de dados do usu\u00e1rio, inviabilizando totalmente o acesso \u00e0 emissora&#8221;, explica o diretor geral da ABERT, Luis Roberto Antonik.<\/p>\n<p>Pelo texto aprovado, a habilita\u00e7\u00e3o do r\u00e1dio FM\u00a0 dever\u00e1 ser compat\u00edvel com as tecnologias adotadas no Brasil e atender as especifica\u00e7\u00f5es e requisitos t\u00e9cnicos de funcionamento, bem como as condi\u00e7\u00f5es de garantia, de assist\u00eancia t\u00e9cnica e qualidade.<\/p>\n<p>O r\u00e1dio FM no celular \u00e9 uma das prioridades da ABERT, que, em 2014, lan\u00e7ou a campanha \u201cSmart \u00e9 ter r\u00e1dio de gra\u00e7a no celular&#8221;, orientando o ouvinte a sempre escolher, na hora da compra, um aparelho celular que tenha o dispositivo de recep\u00e7\u00e3o de FM embutido.<\/p>\n<p>&#8220;Al\u00e9m da pluralidade que o r\u00e1dio proporciona, a aprova\u00e7\u00e3o desse projeto far\u00e1 com que todos possam ouvir a r\u00e1dio preferida de forma gratuita, sem ter que usar o pacote de dados do plano contratado pelo ouvinte\u201d, ressalta Antonik.<\/p>\n<p>Estudos da ABERT mostram que dos 275 modelos de celulares dispon\u00edveis no mercado brasileiro, 179 t\u00eam o chip FM ativado. A mesma pesquisa mostra que 100% dos aparelhos mais simples, de at\u00e9 R$ 300, t\u00eam r\u00e1dio FM integrado. Nos aparelhos mais caros (smartphones), acima de R$ 1.000, esse n\u00famero cai para apenas 57%. Nesses aparelhos, as\u00a0empresas de telefonia seguem uma tend\u00eancia de n\u00e3o ativar o chip existente no celular, for\u00e7ando os ouvintes\u00a0a usar o plano de dados para acessar sua emissora.<\/p>\n<p>A aprova\u00e7\u00e3o segue ainda uma tend\u00eancia mundial. No M\u00e9xico, uma norma do governo determinou que todos os aparelhos vendidos no pa\u00eds devem ter, obrigatoriamente, o chip FM no celular.<\/p>\n<p>A proposta vai\u00a0agora para an\u00e1lise da Comiss\u00e3o de Constitui\u00e7\u00e3o e Justi\u00e7a da C\u00e2mara e, se aprovada, segue para\u00a0o Senado.<u><\/u><u><\/u><\/p>\n<p style=\"text-align: justify;\" align=\"center\">\u00a0<u><\/u><u><\/u><\/p>\n<p style=\"text-align: justify;\">\u00a0Fonte: <strong>Associa\u00e7\u00e3o Brasileira de Emissoras de R\u00e1dio e Televis\u00e3o \u2013 ABERT<\/strong><\/p>\n","protected":false},"excerpt":{"rendered":"<p>O r\u00e1dio brasileiro conquistou uma importante vit\u00f3ria nesta quarta-feira (29),&hellip;<\/p>\n<p> <a class=\"more-link\" href=\"https:\/\/sertsc.org.br\/site\/fm-no-celular-mais-uma-vitoria-do-radio-brasileiro\/\">Leia mais<\/a><\/p>\n","protected":false},"author":1,"featured_media":6308,"comment_status":"closed","ping_status":"open","sticky":false,"template":"","format":"standard","meta":{"footnotes":""},"categories":[3],"tags":[67,50,70,65,51,62,43,52,63,66,64,71,53,54,46,60,47,56,61,58,69,59],"class_list":{"0":"post-6307","1":"post","2":"type-post","3":"status-publish","4":"format-standard","5":"has-post-thumbnail","7":"category-noticias","8":"tag-capacitacao","9":"tag-emissoras-de-radio","10":"tag-emissoras-de-radio-e-tv","11":"tag-emissoras-de-tv","12":"tag-encontro-regional","13":"tag-gestao","14":"tag-mctic","15":"tag-migracao-am-fm","16":"tag-planejamento-estrategico","17":"tag-radio-e-tv","18":"tag-redes-sociais","19":"tag-reforma-trabalhista","20":"tag-representante-patronal","21":"tag-santa-catarina","22":"tag-sc","23":"tag-seminarios","24":"tag-sertsc","25":"tag-sindicato-patronal","26":"tag-televisao","27":"tag-tv","28":"tag-tv-aberta","29":"tag-tv-digital"},"_links":{"self":[{"href":"https:\/\/sertsc.org.br\/site\/wp-json\/wp\/v2\/posts\/6307","targetHints":{"allow":["GET"]}}],"collection":[{"href":"https:\/\/sertsc.org.br\/site\/wp-json\/wp\/v2\/posts"}],"about":[{"href":"https:\/\/sertsc.org.br\/site\/wp-json\/wp\/v2\/types\/post"}],"author":[{"embeddable":true,"href":"https:\/\/sertsc.org.br\/site\/wp-json\/wp\/v2\/users\/1"}],"replies":[{"embeddable":true,"href":"https:\/\/sertsc.org.br\/site\/wp-json\/wp\/v2\/comments?post=6307"}],"version-history":[{"count":0,"href":"https:\/\/sertsc.org.br\/site\/wp-json\/wp\/v2\/posts\/6307\/revisions"}],"wp:featuredmedia":[{"embeddable":true,"href":"https:\/\/sertsc.org.br\/site\/wp-json\/"}],"wp:attachment":[{"href":"https:\/\/sertsc.org.br\/site\/wp-json\/wp\/v2\/media?parent=6307"}],"wp:term":[{"taxonomy":"category","embeddable":true,"href":"https:\/\/sertsc.org.br\/site\/wp-json\/wp\/v2\/categories?post=6307"},{"taxonomy":"post_tag","embeddable":true,"href":"https:\/\/sertsc.org.br\/site\/wp-json\/wp\/v2\/tags?post=6307"}],"curies":[{"name":"wp","href":"https:\/\/api.w.org\/{rel}","templated":true}]}}