{"id":6304,"date":"2017-11-29T11:00:49","date_gmt":"2017-11-29T13:00:49","guid":{"rendered":"http:\/\/www.sertsc.org.br\/site\/?p=6304"},"modified":"2017-11-29T11:00:49","modified_gmt":"2017-11-29T13:00:49","slug":"sinal-analogico-de-tv-comeca-ser-desligado-nesta-quarta-feira-em-113-cidades-do-interior-de-sp","status":"publish","type":"post","link":"https:\/\/sertsc.org.br\/site\/sinal-analogico-de-tv-comeca-ser-desligado-nesta-quarta-feira-em-113-cidades-do-interior-de-sp\/","title":{"rendered":"Sinal anal\u00f3gico de TV come\u00e7a a ser desligado nesta quarta-feira em 113 cidades do interior de SP"},"content":{"rendered":"<p style=\"text-align: justify;\">O sinal anal\u00f3gico de televis\u00e3o come\u00e7a a ser desligado nesta quarta-feira (29) em tr\u00eas regi\u00f5es do interior de S\u00e3o Paulo: Campinas e mais 84 cidades; Santos e outros oito munic\u00edpios; al\u00e9m de 19 cidades do Vale do Para\u00edba. Nesses grupos, o desligamento ser\u00e1 progressivo. Em Santos, ser\u00e1 conclu\u00eddo em 20 de dezembro, enquanto que as regi\u00f5es de Campinas e do Vale do Para\u00edba ter\u00e3o as transmiss\u00f5es anal\u00f3gicas encerradas em 17de janeiro de 2018. Em outros dois agrupamentos &#8211; Franca e mais 24 munic\u00edpios; e Ribeir\u00e3o Preto e mais 19 cidades &#8211; o desligamento ser\u00e1 feito a partir de 31 de janeiro de 2018.<\/p>\n<p style=\"text-align: justify;\">A decis\u00e3o foi tomada pelo Gired, grupo respons\u00e1vel pela implanta\u00e7\u00e3o da TV digital no Brasil, durante reuni\u00e3o nesta ter\u00e7a-feira (28). As pesquisas Ibope realizadas nos agrupamentos de cidades entre os dias 13 e 25 de novembro apontaram os seguintes \u00edndices de digitaliza\u00e7\u00e3o das resid\u00eancias: 89% em Santos; 88% em Campinas; 88% no Vale do Para\u00edba; 84% em Ribeir\u00e3o Preto; e 80% em Franca. Isso significa que nenhuma das cinco regi\u00f5es do estado de S\u00e3o Paulo conseguiu atingir o percentual m\u00ednimo de 90% dos domic\u00edlios preparados para receber o sinal digital. O \u00edndice \u00e9 condi\u00e7\u00e3o para encerramento das transmiss\u00f5es anal\u00f3gicas de TV, conforme estabelece portaria do Minist\u00e9rio da Ci\u00eancia, Tecnologia, Inova\u00e7\u00f5es e Comunica\u00e7\u00f5es (MCTIC).<\/p>\n<p style=\"text-align: justify;\">Diante dos resultados, o Gired decidiu encaminhar ao MCTIC a sugest\u00e3o de realizar o desligamento de forma progressiva nos agrupamentos de Santos, Campinas e Vale do Para\u00edba, que re\u00fanem uma popula\u00e7\u00e3o de cerca de 12 milh\u00f5es de pessoas. J\u00e1 as regi\u00f5es de Franca e Ribeir\u00e3o Preto, juntas, somam cerca de 2 milh\u00f5es de habitantes. Um novo levantamento ser\u00e1 realizado nesses dois agrupamentos antes do desligamento.<\/p>\n<p style=\"text-align: justify;\">O Gired tamb\u00e9m decidiu que uma cartela informativa ser\u00e1 exibida pelas emissoras de TV informando sobre o in\u00edcio e a data final do desligamento do sinal anal\u00f3gico de TV.<\/p>\n<p style=\"text-align: justify;\"><strong>Kits<\/strong><\/p>\n<p style=\"text-align: justify;\">A distribui\u00e7\u00e3o de kits de conversores digitais para as fam\u00edlias benefici\u00e1rias de programas sociais do governo federal tamb\u00e9m continua nas cidades do interior de S\u00e3o Paulo. Do total previsto, j\u00e1 foram entregues 76% dos kits em Campinas, 70% em Santos, 72% no Vale do Para\u00edba, 74% em Ribeir\u00e3o Preto e 88% em Franca.<\/p>\n<p style=\"text-align: justify;\">A implanta\u00e7\u00e3o do Sistema Brasileiro de TV Digital foi conclu\u00edda em 193 munic\u00edpios e beneficia uma popula\u00e7\u00e3o de cerca de 60 milh\u00f5es de pessoas. Desde o in\u00edcio do processo, o sinal anal\u00f3gico j\u00e1 foi desligado em Rio Verde (GO); Bras\u00edlia e 9 cidades do entorno do Distrito Federal; S\u00e3o Paulo e 38 cidades do estado; Goi\u00e2nia e mais 28 munic\u00edpios de Goi\u00e1s; Recife e outras 13 cidades de Pernambuco; Salvador e mais 19 cidades da Bahia; Fortaleza e outras 14 cidades do Cear\u00e1; Vit\u00f3ria e mais seis cidades do Esp\u00edrito Santo; a capital do Rio de Janeiro e 18 munic\u00edpios do entorno; al\u00e9m de Belo Horizonte e outras 38 cidades de Minas Gerais.<\/p>\n<p style=\"text-align: justify;\">\n<p style=\"text-align: justify;\"><strong>Veja a rela\u00e7\u00e3o de cidades que fazem parte dos agrupamentos no interior de S\u00e3o Paulo:<\/strong><\/p>\n<p style=\"text-align: justify;\">Agrupamento de Santos<\/p>\n<p style=\"text-align: justify;\">Bertioga, Cubat\u00e3o, Guaruj\u00e1, Itanha\u00e9m, Mongagu\u00e1, Peru\u00edbe, Praia Grande, Santos e S\u00e3o Vicente.<\/p>\n<p style=\"text-align: justify;\">Agrupamento de Campinas:<\/p>\n<p style=\"text-align: justify;\">Agua\u00ed, \u00c1guas da Prata, \u00c1guas de S\u00e3o Pedro, Alum\u00ednio, Americana, Amparo, Ara\u00e7ariguama, Ara\u00e7oiaba da Serra, Araras, Artur Nogueira, Boituva, Cabre\u00fava, Campinas, Campo Limpo Paulista, Capela do Alto, Capivari, Cerquilho, Charqueada, Conchal, Cordeir\u00f3polis, Cosm\u00f3polis, Elias Fausto, Engenheiro Coelho, Esp\u00edrito Santo do Pinhal, Estiva Gerbi, Holambra, Hortol\u00e2ndia, Indaiatuba, Iper\u00f3, Ipe\u00fana, Iracem\u00e1polis, Itapira, Itatiba, Itobi, Itu, Itupeva, Jaguari\u00fana, Jarinu, Jumirim, Jundia\u00ed, Leme, Limeira, Louveira, Mairinque, Mogi Gua\u00e7u, Mogi Mirim, Mombuca, Monte Mor, Nova Odessa, Paul\u00ednia, Pedreira, Piedade, Piracicaba, Pirassununga, Porto Feliz, Porto Ferreira, Rafard, Rio Claro, Rio das Pedras, Saltinho, Salto, Salto de Pirapora, Santa B\u00e1rbara D&#8217;Oeste, Santa Cruz da Concei\u00e7\u00e3o, Santa Gertrudes, Santa Maria da Serra, Santa Rita do Passa Quatro, Santo Ant\u00f4nio de Posse, S\u00e3o Jo\u00e3o da Boa Vista, S\u00e3o Pedro, S\u00e3o Roque, Serra Negra, Socorro, Sorocaba, Sumar\u00e9, Tamba\u00fa, Tapira\u00ed, Tatu\u00ed, Tiet\u00ea, Torrinha, Valinhos, Vargem Grande do Sul, V\u00e1rzea Paulista, Vinhedo e Votorantim.<\/p>\n<p style=\"text-align: justify;\">Agrupamento do Vale do Para\u00edba<\/p>\n<p style=\"text-align: justify;\">Aparecida, Atibaia, Bragan\u00e7a Paulista, Ca\u00e7apava, Cachoeira Paulista, Campos do Jord\u00e3o, Canas, Cruzeiro, Guaratinguet\u00e1, Igarat\u00e1, Jacare\u00ed, Lorena, Pindamonhangaba, Piquete, Potim, Roseira, S\u00e3o Jos\u00e9 dos Campos, Taubat\u00e9 e Trememb\u00e9.<\/p>\n<p style=\"text-align: justify;\">Agrupamento de Franca<\/p>\n<p style=\"text-align: justify;\">Aramina, Barretos, Batatais, Buritizal, Colina, Col\u00f4mbia, Cristais Paulista, Franca, Gua\u00edra, Guar\u00e1, Igarapava, Ipu\u00e3, Itirapu\u00e3, Ituverava, Jaborandi, Jeriquara, Miguel\u00f3polis, Nuporanga, Patroc\u00ednio Paulista, Pedregulho, Restinga, Ribeir\u00e3o Corrente, Rifaina, S\u00e3o Joaquim da Barra e S\u00e3o Jos\u00e9 da Bela Vista.<\/p>\n<p style=\"text-align: justify;\">Agrupamento de Ribeir\u00e3o Preto<\/p>\n<p style=\"text-align: justify;\">Altin\u00f3polis, Barrinha, Brodowski, Cravinhos, Jaboticabal, Jardin\u00f3polis, Lu\u00eds Ant\u00f4nio, Morro Agudo, Orl\u00e2ndia, Pitangueiras, Pontal, Ribeir\u00e3o Preto, Sales Oliveira, Santa Cruz da Esperan\u00e7a, Santo Ant\u00f4nio da Alegria, S\u00e3o Sim\u00e3o, Serra Azul, Serrana, Sert\u00e3ozinho e Taquaral.<\/p>\n<p style=\"text-align: justify;\">Fonte: MCTIC.<\/p>\n","protected":false},"excerpt":{"rendered":"<p>O sinal anal\u00f3gico de televis\u00e3o come\u00e7a a ser desligado nesta&hellip;<\/p>\n<p> <a class=\"more-link\" href=\"https:\/\/sertsc.org.br\/site\/sinal-analogico-de-tv-comeca-ser-desligado-nesta-quarta-feira-em-113-cidades-do-interior-de-sp\/\">Leia mais<\/a><\/p>\n","protected":false},"author":1,"featured_media":6305,"comment_status":"closed","ping_status":"open","sticky":false,"template":"","format":"standard","meta":{"footnotes":""},"categories":[3],"tags":[67,50,70,65,51,62,43,52,63,66,64,71,53,54,46,60,47,56,61,58,69,59],"class_list":{"0":"post-6304","1":"post","2":"type-post","3":"status-publish","4":"format-standard","5":"has-post-thumbnail","7":"category-noticias","8":"tag-capacitacao","9":"tag-emissoras-de-radio","10":"tag-emissoras-de-radio-e-tv","11":"tag-emissoras-de-tv","12":"tag-encontro-regional","13":"tag-gestao","14":"tag-mctic","15":"tag-migracao-am-fm","16":"tag-planejamento-estrategico","17":"tag-radio-e-tv","18":"tag-redes-sociais","19":"tag-reforma-trabalhista","20":"tag-representante-patronal","21":"tag-santa-catarina","22":"tag-sc","23":"tag-seminarios","24":"tag-sertsc","25":"tag-sindicato-patronal","26":"tag-televisao","27":"tag-tv","28":"tag-tv-aberta","29":"tag-tv-digital"},"_links":{"self":[{"href":"https:\/\/sertsc.org.br\/site\/wp-json\/wp\/v2\/posts\/6304","targetHints":{"allow":["GET"]}}],"collection":[{"href":"https:\/\/sertsc.org.br\/site\/wp-json\/wp\/v2\/posts"}],"about":[{"href":"https:\/\/sertsc.org.br\/site\/wp-json\/wp\/v2\/types\/post"}],"author":[{"embeddable":true,"href":"https:\/\/sertsc.org.br\/site\/wp-json\/wp\/v2\/users\/1"}],"replies":[{"embeddable":true,"href":"https:\/\/sertsc.org.br\/site\/wp-json\/wp\/v2\/comments?post=6304"}],"version-history":[{"count":0,"href":"https:\/\/sertsc.org.br\/site\/wp-json\/wp\/v2\/posts\/6304\/revisions"}],"wp:featuredmedia":[{"embeddable":true,"href":"https:\/\/sertsc.org.br\/site\/wp-json\/"}],"wp:attachment":[{"href":"https:\/\/sertsc.org.br\/site\/wp-json\/wp\/v2\/media?parent=6304"}],"wp:term":[{"taxonomy":"category","embeddable":true,"href":"https:\/\/sertsc.org.br\/site\/wp-json\/wp\/v2\/categories?post=6304"},{"taxonomy":"post_tag","embeddable":true,"href":"https:\/\/sertsc.org.br\/site\/wp-json\/wp\/v2\/tags?post=6304"}],"curies":[{"name":"wp","href":"https:\/\/api.w.org\/{rel}","templated":true}]}}