{"id":6301,"date":"2017-11-29T10:18:04","date_gmt":"2017-11-29T12:18:04","guid":{"rendered":"http:\/\/www.sertsc.org.br\/site\/?p=6301"},"modified":"2017-11-29T10:18:04","modified_gmt":"2017-11-29T12:18:04","slug":"set-norte-2017-comeca-nesta-quarta-feira-29-em-manaus","status":"publish","type":"post","link":"https:\/\/sertsc.org.br\/site\/set-norte-2017-comeca-nesta-quarta-feira-29-em-manaus\/","title":{"rendered":"SET Norte 2017 come\u00e7a nesta quarta-feira (29) em Manaus"},"content":{"rendered":"<p style=\"text-align: justify;\">O SET Norte 2017 tem in\u00edcio nesta quarta-feira (29) e segue at\u00e9 quinta-feira (30) no centro de conven\u00e7\u00f5es Studio 5 em Manaus, das 8h30 \u00e0s 18h hor\u00e1rio local). O semin\u00e1rio sobre tecnologia e neg\u00f3cios da ind\u00fastria audiovisual re\u00fane executivos, profissionais, t\u00e9cnicos e acad\u00eamicos para debater os desafios e as oportunidades no mercado de produ\u00e7\u00e3o e distribui\u00e7\u00e3o de conte\u00fado.<\/p>\n<p style=\"text-align: justify;\">O evento \u00e9 gratuito e composto por pain\u00e9is e palestras destinados a profissionais das emissoras de r\u00e1dio e TV, produtoras de v\u00eddeo, novas m\u00eddias, al\u00e9m de estudantes e pesquisadores. A organiza\u00e7\u00e3o \u00e9 da Sociedade Brasileira de Engenharia de Televis\u00e3o (SET), com apoio da Funda\u00e7\u00e3o Rede Amaz\u00f4nica, do Sindicato das Empresas de Radiodifus\u00e3o do Estado do Amazonas (Sinderpam), da Associa\u00e7\u00e3o Brasileira de R\u00e1dio e Televis\u00e3o (Abratel) e da Associa\u00e7\u00e3o Brasileira de Emissoras de R\u00e1dio e Televis\u00e3o (ABERT).<\/p>\n<p style=\"text-align: justify;\">\u201cO cen\u00e1rio disruptivo do mercado audiovisual demanda empresas, profissionais e escolas de forma\u00e7\u00e3o cada vez mais atentos \u00e0s mudan\u00e7as tecnol\u00f3gicas, \u00e0s transforma\u00e7\u00f5es digitais e \u00e0s novas exig\u00eancias do mercado e do p\u00fablico em ambientes multiplataforma. Com os semin\u00e1rios regionais, a SET busca levar oportunidades de aperfei\u00e7oamento e troca de conhecimentos sobre o futuro do setor a todas as regi\u00f5es do Brasil\u201d, explica a presidente da entidade, a engenheira Liliana Nakonechnyj.<\/p>\n<p style=\"text-align: justify;\">O evento tem como objetivos orientar e esclarecer informa\u00e7\u00f5es sobre o switch-off do sinal anal\u00f3gico de TV, que ocorrer\u00e1 em maio de 2018. \u201cPara isso est\u00e3o sendo convidados v\u00e1rios profissionais para que relatem suas experi\u00eancias antes e ap\u00f3s o desligamento\u201d, explica o diretor da Regional Norte da SET, Nivelle Daou Jr.<\/p>\n<p style=\"text-align: justify;\">No primeiro dia do evento, o destaque est\u00e1 justamente no painel \u201cSwitch-off para a TV anal\u00f3gica, switch-over para a TV digital\u201d. O tema ser\u00e1 debatido por executivos como Carolina Duca (Globo Recife), Rafael Leal (Globo Rio) e Luiz Fausto (Gired). A modera\u00e7\u00e3o ser\u00e1 da presidente da SET.<\/p>\n<p style=\"text-align: justify;\">O segundo dia abre com um painel especial sobre \u201cAgilidade na produ\u00e7\u00e3o jornal\u00edstica para todas m\u00eddias\u201d, que ser\u00e1 moderado por Eduardo Lopes, diretor de Tecnologia da Rede Amaz\u00f4nica. Al\u00e9m dele, participam Luis Augusto, diretor de Jornalismo da Rede Amaz\u00f4nica, Fredy Litowsky, diretor da Avid e Eliezer Reis, gerente da Snews. Al\u00e9m destes assuntos, o semin\u00e1rio tamb\u00e9m ter\u00e1 debates sobre servi\u00e7os via sat\u00e9lite, cobertura digital, empreendedorismo no audiovisual, tecnologia IP em ambientes de produ\u00e7\u00e3o e distribui\u00e7\u00e3o e a migra\u00e7\u00e3o do r\u00e1dio AM para o FM.<\/p>\n<p style=\"text-align: justify;\">\u201cH\u00e1 17 anos, o SET Norte traz palestrantes renomados para dar oportunidade \u00e0queles que vivem na regi\u00e3o norte de se atualizarem tecnicamente, conhecerem novas tecnologias e discutirem o direcionamento do mercado\u201d, descreve Nivelle. \u201cO evento tamb\u00e9m proporciona que estes profissionais analisem, principalmente, o neg\u00f3cio de TV aberta junto \u00e0s novas tecnologias que v\u00eam modificando os h\u00e1bitos dos telespectadores. Por fim, temos a oportunidade de discutir a legisla\u00e7\u00e3o que envolve toda essa atividade\u201d, resume.<\/p>\n<p style=\"text-align: justify;\">\n<p style=\"text-align: justify;\">Fonte: Tudo R\u00e1dio.<\/p>\n","protected":false},"excerpt":{"rendered":"<p>O SET Norte 2017 tem in\u00edcio nesta quarta-feira (29) e&hellip;<\/p>\n<p> <a class=\"more-link\" href=\"https:\/\/sertsc.org.br\/site\/set-norte-2017-comeca-nesta-quarta-feira-29-em-manaus\/\">Leia mais<\/a><\/p>\n","protected":false},"author":1,"featured_media":6302,"comment_status":"closed","ping_status":"open","sticky":false,"template":"","format":"standard","meta":{"footnotes":""},"categories":[3],"tags":[67,50,70,65,51,62,43,52,63,66,64,71,53,54,46,60,47,56,61,58,69,59],"class_list":{"0":"post-6301","1":"post","2":"type-post","3":"status-publish","4":"format-standard","5":"has-post-thumbnail","7":"category-noticias","8":"tag-capacitacao","9":"tag-emissoras-de-radio","10":"tag-emissoras-de-radio-e-tv","11":"tag-emissoras-de-tv","12":"tag-encontro-regional","13":"tag-gestao","14":"tag-mctic","15":"tag-migracao-am-fm","16":"tag-planejamento-estrategico","17":"tag-radio-e-tv","18":"tag-redes-sociais","19":"tag-reforma-trabalhista","20":"tag-representante-patronal","21":"tag-santa-catarina","22":"tag-sc","23":"tag-seminarios","24":"tag-sertsc","25":"tag-sindicato-patronal","26":"tag-televisao","27":"tag-tv","28":"tag-tv-aberta","29":"tag-tv-digital"},"_links":{"self":[{"href":"https:\/\/sertsc.org.br\/site\/wp-json\/wp\/v2\/posts\/6301","targetHints":{"allow":["GET"]}}],"collection":[{"href":"https:\/\/sertsc.org.br\/site\/wp-json\/wp\/v2\/posts"}],"about":[{"href":"https:\/\/sertsc.org.br\/site\/wp-json\/wp\/v2\/types\/post"}],"author":[{"embeddable":true,"href":"https:\/\/sertsc.org.br\/site\/wp-json\/wp\/v2\/users\/1"}],"replies":[{"embeddable":true,"href":"https:\/\/sertsc.org.br\/site\/wp-json\/wp\/v2\/comments?post=6301"}],"version-history":[{"count":0,"href":"https:\/\/sertsc.org.br\/site\/wp-json\/wp\/v2\/posts\/6301\/revisions"}],"wp:featuredmedia":[{"embeddable":true,"href":"https:\/\/sertsc.org.br\/site\/wp-json\/"}],"wp:attachment":[{"href":"https:\/\/sertsc.org.br\/site\/wp-json\/wp\/v2\/media?parent=6301"}],"wp:term":[{"taxonomy":"category","embeddable":true,"href":"https:\/\/sertsc.org.br\/site\/wp-json\/wp\/v2\/categories?post=6301"},{"taxonomy":"post_tag","embeddable":true,"href":"https:\/\/sertsc.org.br\/site\/wp-json\/wp\/v2\/tags?post=6301"}],"curies":[{"name":"wp","href":"https:\/\/api.w.org\/{rel}","templated":true}]}}