{"id":6296,"date":"2017-11-29T08:27:39","date_gmt":"2017-11-29T10:27:39","guid":{"rendered":"http:\/\/www.sertsc.org.br\/site\/?p=6296"},"modified":"2017-11-29T08:27:39","modified_gmt":"2017-11-29T10:27:39","slug":"atencao-ead-sobre-nova-lei-trabalhista-transferido-para-dia-2911","status":"publish","type":"post","link":"https:\/\/sertsc.org.br\/site\/atencao-ead-sobre-nova-lei-trabalhista-transferido-para-dia-2911\/","title":{"rendered":"Aten\u00e7\u00e3o! EaD sobre a Nova Lei Trabalhista transferido para dia 29\/11"},"content":{"rendered":"<p style=\"text-align: justify;\">O curso de Ensino a Dist\u00e2ncia (EaD) sobre a Nova Lei Trabalhista, com o Juiz Marlos Melek, foi transferido para o dia 29\/11 (quarta-feira), \u00e0s 19h30. Se voc\u00ea se inscreveu para participar hoje, n\u00e3o se preocupe, sua inscri\u00e7\u00e3o j\u00e1 estar\u00e1 confirmada para a pr\u00f3xima quarta-feira.<\/p>\n<p style=\"text-align: justify;\">Os procedimentos para assistir ao curso ser\u00e3o os mesmos:<\/p>\n<p style=\"text-align: justify;\">1)\u00a0\u00a0\u00a0\u00a0\u00a0 Acessar a p\u00e1gina:\u00a0<a href=\"http:\/\/aerp.createsend1.com\/t\/i-l-odlkttl-l-r\/\">http:\/\/aerp.org.br\/ensinoead\/<\/a><\/p>\n<p style=\"text-align: justify;\">2)\u00a0\u00a0\u00a0\u00a0\u00a0 Clicar em\u00a0<strong>\u201cAcesso \u00e0 Aula\u201d<\/strong><\/p>\n<p style=\"text-align: justify;\">3)\u00a0\u00a0\u00a0\u00a0\u00a0 Clicar no link do curso que ir\u00e1 participar<\/p>\n<p style=\"text-align: justify;\">4)\u00a0\u00a0\u00a0\u00a0\u00a0 Inserir\u00a0<strong>seu e-mail<\/strong>\u00a0no campo \u201cIdentifica\u00e7\u00e3o de usu\u00e1rio\u201d<\/p>\n<p style=\"text-align: justify;\">5)\u00a0\u00a0\u00a0\u00a0\u00a0 Inserir a senha\u00a0<strong>eadabert<\/strong><\/p>\n<p style=\"text-align: justify;\">6)\u00a0\u00a0\u00a0\u00a0\u00a0 Clicar no link do curso atual<\/p>\n<p style=\"text-align: justify;\">7)\u00a0\u00a0\u00a0\u00a0\u00a0 Pronto! \u00c9 s\u00f3 assistir a aula a partir do hor\u00e1rio indicado.<\/p>\n<p style=\"text-align: justify;\">\n<p style=\"text-align: justify;\">Agradecemos a compreens\u00e3o.<\/p>\n<p style=\"text-align: justify;\">Equipe AERP<\/p>\n","protected":false},"excerpt":{"rendered":"<p>O curso de Ensino a Dist\u00e2ncia (EaD) sobre a Nova&hellip;<\/p>\n<p> <a class=\"more-link\" href=\"https:\/\/sertsc.org.br\/site\/atencao-ead-sobre-nova-lei-trabalhista-transferido-para-dia-2911\/\">Leia mais<\/a><\/p>\n","protected":false},"author":1,"featured_media":6297,"comment_status":"closed","ping_status":"open","sticky":false,"template":"","format":"standard","meta":{"footnotes":""},"categories":[3],"tags":[67,50,70,65,51,62,43,52,63,66,64,71,53,54,46,60,47,56,61,58,69,59],"class_list":{"0":"post-6296","1":"post","2":"type-post","3":"status-publish","4":"format-standard","5":"has-post-thumbnail","7":"category-noticias","8":"tag-capacitacao","9":"tag-emissoras-de-radio","10":"tag-emissoras-de-radio-e-tv","11":"tag-emissoras-de-tv","12":"tag-encontro-regional","13":"tag-gestao","14":"tag-mctic","15":"tag-migracao-am-fm","16":"tag-planejamento-estrategico","17":"tag-radio-e-tv","18":"tag-redes-sociais","19":"tag-reforma-trabalhista","20":"tag-representante-patronal","21":"tag-santa-catarina","22":"tag-sc","23":"tag-seminarios","24":"tag-sertsc","25":"tag-sindicato-patronal","26":"tag-televisao","27":"tag-tv","28":"tag-tv-aberta","29":"tag-tv-digital"},"_links":{"self":[{"href":"https:\/\/sertsc.org.br\/site\/wp-json\/wp\/v2\/posts\/6296","targetHints":{"allow":["GET"]}}],"collection":[{"href":"https:\/\/sertsc.org.br\/site\/wp-json\/wp\/v2\/posts"}],"about":[{"href":"https:\/\/sertsc.org.br\/site\/wp-json\/wp\/v2\/types\/post"}],"author":[{"embeddable":true,"href":"https:\/\/sertsc.org.br\/site\/wp-json\/wp\/v2\/users\/1"}],"replies":[{"embeddable":true,"href":"https:\/\/sertsc.org.br\/site\/wp-json\/wp\/v2\/comments?post=6296"}],"version-history":[{"count":0,"href":"https:\/\/sertsc.org.br\/site\/wp-json\/wp\/v2\/posts\/6296\/revisions"}],"wp:featuredmedia":[{"embeddable":true,"href":"https:\/\/sertsc.org.br\/site\/wp-json\/"}],"wp:attachment":[{"href":"https:\/\/sertsc.org.br\/site\/wp-json\/wp\/v2\/media?parent=6296"}],"wp:term":[{"taxonomy":"category","embeddable":true,"href":"https:\/\/sertsc.org.br\/site\/wp-json\/wp\/v2\/categories?post=6296"},{"taxonomy":"post_tag","embeddable":true,"href":"https:\/\/sertsc.org.br\/site\/wp-json\/wp\/v2\/tags?post=6296"}],"curies":[{"name":"wp","href":"https:\/\/api.w.org\/{rel}","templated":true}]}}