{"id":6292,"date":"2017-11-28T16:47:29","date_gmt":"2017-11-28T18:47:29","guid":{"rendered":"http:\/\/www.sertsc.org.br\/site\/?p=6292"},"modified":"2017-11-28T16:47:29","modified_gmt":"2017-11-28T18:47:29","slug":"gired-adia-desligamento-do-sinal-analogico-no-interior-de-sao-paulo","status":"publish","type":"post","link":"https:\/\/sertsc.org.br\/site\/gired-adia-desligamento-do-sinal-analogico-no-interior-de-sao-paulo\/","title":{"rendered":"Gired adia desligamento do sinal anal\u00f3gico no interior de S\u00e3o Paulo"},"content":{"rendered":"<p style=\"text-align: justify;\">O desligamento do sinal anal\u00f3gico da TV aberta em Santos (SP), previsto para esta quarta-feira, 29, foi adiado para o dia 20 de dezembro. J\u00e1 em Campinas e no Vale do Para\u00edba, tamb\u00e9m marcado para esta quarta, o switch-off acontecer\u00e1 s\u00f3 no ano que vem, no dia 17 de janeiro. E o desligamento do sinal em Ribeir\u00e3o Preto e Franca foram postergados para o dia 31 de janeiro de 2018.<\/p>\n<p style=\"text-align: justify;\">A decis\u00e3o do Gired (grupo de implementa\u00e7\u00e3o da digitaliza\u00e7\u00e3o), tomada nesta ter\u00e7a-feira, 28, se baseou na pesquisa do Ibope, que mede o grau de digitaliza\u00e7\u00e3o das cidades. Segundo o levantamento, em Santos o percentual atingido foi de 89%. Em Campinas o percentual foi de 88%. No Vale do Para\u00edba o percentual auferido foi de 88%. Em Ribeir\u00e3o Preto 84% dos domic\u00edlios contam com sinal digital. Em Franca, o percentual atingido foi de 80%. Ou seja, todos os percentuais abaixo do exigido pela norma que rege o desligamento do sinal anal\u00f3gico, de no m\u00ednimo 90% dos domic\u00edlios aptos a recepcionar a programa\u00e7\u00e3o digital.<\/p>\n<p style=\"text-align: justify;\">Segundo o cronograma, apenas\u00a0parte do interior paulista vai ser digitalizada neste momento. Outras partes do estado ser\u00e3o digitalizadas em 2018. A regi\u00e3o Sul ser\u00e1 a pr\u00f3xima a ter o sinal anal\u00f3gico desligado. O desligamento em Curitiba, Florian\u00f3polis e Porto Alegre est\u00e1 previsto para ocorrer no dia 31 de janeiro de 2018.<\/p>\n<p style=\"text-align: justify;\">Fonte: Teletime.<\/p>\n","protected":false},"excerpt":{"rendered":"<p>O desligamento do sinal anal\u00f3gico da TV aberta em Santos&hellip;<\/p>\n<p> <a class=\"more-link\" href=\"https:\/\/sertsc.org.br\/site\/gired-adia-desligamento-do-sinal-analogico-no-interior-de-sao-paulo\/\">Leia mais<\/a><\/p>\n","protected":false},"author":1,"featured_media":6293,"comment_status":"closed","ping_status":"open","sticky":false,"template":"","format":"standard","meta":{"footnotes":""},"categories":[3],"tags":[67,50,70,65,51,62,43,52,63,66,64,71,53,54,46,60,47,56,61,58,69,59],"class_list":{"0":"post-6292","1":"post","2":"type-post","3":"status-publish","4":"format-standard","5":"has-post-thumbnail","7":"category-noticias","8":"tag-capacitacao","9":"tag-emissoras-de-radio","10":"tag-emissoras-de-radio-e-tv","11":"tag-emissoras-de-tv","12":"tag-encontro-regional","13":"tag-gestao","14":"tag-mctic","15":"tag-migracao-am-fm","16":"tag-planejamento-estrategico","17":"tag-radio-e-tv","18":"tag-redes-sociais","19":"tag-reforma-trabalhista","20":"tag-representante-patronal","21":"tag-santa-catarina","22":"tag-sc","23":"tag-seminarios","24":"tag-sertsc","25":"tag-sindicato-patronal","26":"tag-televisao","27":"tag-tv","28":"tag-tv-aberta","29":"tag-tv-digital"},"_links":{"self":[{"href":"https:\/\/sertsc.org.br\/site\/wp-json\/wp\/v2\/posts\/6292","targetHints":{"allow":["GET"]}}],"collection":[{"href":"https:\/\/sertsc.org.br\/site\/wp-json\/wp\/v2\/posts"}],"about":[{"href":"https:\/\/sertsc.org.br\/site\/wp-json\/wp\/v2\/types\/post"}],"author":[{"embeddable":true,"href":"https:\/\/sertsc.org.br\/site\/wp-json\/wp\/v2\/users\/1"}],"replies":[{"embeddable":true,"href":"https:\/\/sertsc.org.br\/site\/wp-json\/wp\/v2\/comments?post=6292"}],"version-history":[{"count":0,"href":"https:\/\/sertsc.org.br\/site\/wp-json\/wp\/v2\/posts\/6292\/revisions"}],"wp:featuredmedia":[{"embeddable":true,"href":"https:\/\/sertsc.org.br\/site\/wp-json\/"}],"wp:attachment":[{"href":"https:\/\/sertsc.org.br\/site\/wp-json\/wp\/v2\/media?parent=6292"}],"wp:term":[{"taxonomy":"category","embeddable":true,"href":"https:\/\/sertsc.org.br\/site\/wp-json\/wp\/v2\/categories?post=6292"},{"taxonomy":"post_tag","embeddable":true,"href":"https:\/\/sertsc.org.br\/site\/wp-json\/wp\/v2\/tags?post=6292"}],"curies":[{"name":"wp","href":"https:\/\/api.w.org\/{rel}","templated":true}]}}