{"id":6287,"date":"2017-11-28T09:22:18","date_gmt":"2017-11-28T11:22:18","guid":{"rendered":"http:\/\/www.sertsc.org.br\/site\/?p=6287"},"modified":"2017-11-28T09:22:18","modified_gmt":"2017-11-28T11:22:18","slug":"radiodifusores-comemoram-migracao-para-fm","status":"publish","type":"post","link":"https:\/\/sertsc.org.br\/site\/radiodifusores-comemoram-migracao-para-fm\/","title":{"rendered":"Radiodifusores comemoram migra\u00e7\u00e3o para FM"},"content":{"rendered":"<div class=\"itemIntroText\">\n<p style=\"text-align: justify;\">Mais de 30 r\u00e1dios de todo o Brasil estar\u00e3o reunidas em Bras\u00edlia para assinatura do termo aditivo de adapta\u00e7\u00e3o de outorga, uma das \u00faltimas etapas do processo de migra\u00e7\u00e3o do AM para o FM. O \u00faltimo mutir\u00e3o de assinaturas de 2017 acontecer\u00e1 na sede do\u00a0Minist\u00e9rio da Ci\u00eancia, Tecnologia, Inova\u00e7\u00f5es e Comunica\u00e7\u00f5es (MCTIC), no dia 6 de dezembro, e ter\u00e1 a presen\u00e7a do ministro Gilberto Kassab.<\/p>\n<\/div>\n<div class=\"itemFullText\">\n<p style=\"text-align: justify;\">A expectativa \u00e9 grande por parte dos radiodifusores que participar\u00e3o da solenidade. \u00c9 o caso da Funda\u00e7\u00e3o Emissora Rural Voz do S\u00e3o Francisco, de Petrolina (PB), emissora da Igreja Cat\u00f3lica da cidade h\u00e1 55 anos. Segundo a gestora da emissora, Rubinha Campos, desde que come\u00e7ou a preparar a papelada para a migra\u00e7\u00e3o, h\u00e1 5 anos, a r\u00e1dio aguarda ser chamada pelo MCTIC. \u201cQuando o minist\u00e9rio informou a cria\u00e7\u00e3o dos mutir\u00f5es em cada estado eu fiquei muito animada, porque acreditei que aceleraria o processo. Por algum motivo, a r\u00e1dio demorou muito a ser chamada, mas finalmente este dia chegou\u201d, conta.<\/p>\n<p style=\"text-align: justify;\">Segundo Rubinha, a mudan\u00e7a de faixa vai proporcionar mais qualidade aos ouvintes e novas possibilidades comerciais. \u201cO som da AM n\u00e3o \u00e9 um som est\u00e9reo, deixa a desejar. Apesar de estarmos na internet, somos praticamente descartados pelos nossos ouvintes nesses meios, porque a qualidade n\u00e3o \u00e9 a mesma de FM, e n\u00f3s queremos nos fortalecer na transmiss\u00e3o via celular e internet. Migrar para FM tamb\u00e9m nos traz uma expectativa comercial, de vendas, e maior alcance na nossa audi\u00eancia\u201d, explica.<\/p>\n<p style=\"text-align: justify;\">Desde o in\u00edcio do processo de migra\u00e7\u00e3o, mais de 500 emissoras de todo o pa\u00eds j\u00e1 assinaram o contrato para nova outorga. \u201cA migra\u00e7\u00e3o para FM foi muito esperada por n\u00f3s. Entre muitas batalhas, concretizar finalmente a migra\u00e7\u00e3o \u00e9 uma etapa vencida. Queremos contar para todos os nossos ouvintes e parceiros comerciais sobre a novidade, j\u00e1 estamos com spot preparado para anunciar a novidade, mas s\u00f3 vou comemorar e investir em uma publicidade maior quando estiver com o contrato assinado como garantia. N\u00e3o estou acreditando que finalmente meu dia chegou\u201d, comemora Rubinha.<\/p>\n<\/div>\n<p style=\"text-align: justify;\">Fonte: ABERT.<\/p>\n","protected":false},"excerpt":{"rendered":"<p>Mais de 30 r\u00e1dios de todo o Brasil estar\u00e3o reunidas&hellip;<\/p>\n<p> <a class=\"more-link\" href=\"https:\/\/sertsc.org.br\/site\/radiodifusores-comemoram-migracao-para-fm\/\">Leia mais<\/a><\/p>\n","protected":false},"author":1,"featured_media":6288,"comment_status":"closed","ping_status":"open","sticky":false,"template":"","format":"standard","meta":{"footnotes":""},"categories":[33],"tags":[],"class_list":{"0":"post-6287","1":"post","2":"type-post","3":"status-publish","4":"format-standard","5":"has-post-thumbnail","7":"category-destaques"},"_links":{"self":[{"href":"https:\/\/sertsc.org.br\/site\/wp-json\/wp\/v2\/posts\/6287","targetHints":{"allow":["GET"]}}],"collection":[{"href":"https:\/\/sertsc.org.br\/site\/wp-json\/wp\/v2\/posts"}],"about":[{"href":"https:\/\/sertsc.org.br\/site\/wp-json\/wp\/v2\/types\/post"}],"author":[{"embeddable":true,"href":"https:\/\/sertsc.org.br\/site\/wp-json\/wp\/v2\/users\/1"}],"replies":[{"embeddable":true,"href":"https:\/\/sertsc.org.br\/site\/wp-json\/wp\/v2\/comments?post=6287"}],"version-history":[{"count":0,"href":"https:\/\/sertsc.org.br\/site\/wp-json\/wp\/v2\/posts\/6287\/revisions"}],"wp:featuredmedia":[{"embeddable":true,"href":"https:\/\/sertsc.org.br\/site\/wp-json\/"}],"wp:attachment":[{"href":"https:\/\/sertsc.org.br\/site\/wp-json\/wp\/v2\/media?parent=6287"}],"wp:term":[{"taxonomy":"category","embeddable":true,"href":"https:\/\/sertsc.org.br\/site\/wp-json\/wp\/v2\/categories?post=6287"},{"taxonomy":"post_tag","embeddable":true,"href":"https:\/\/sertsc.org.br\/site\/wp-json\/wp\/v2\/tags?post=6287"}],"curies":[{"name":"wp","href":"https:\/\/api.w.org\/{rel}","templated":true}]}}