{"id":6282,"date":"2017-11-28T09:11:07","date_gmt":"2017-11-28T11:11:07","guid":{"rendered":"http:\/\/www.sertsc.org.br\/site\/?p=6282"},"modified":"2017-11-28T09:11:07","modified_gmt":"2017-11-28T11:11:07","slug":"veja-o-que-muda-nas-ferias-com-reforma-trabalhista","status":"publish","type":"post","link":"https:\/\/sertsc.org.br\/site\/veja-o-que-muda-nas-ferias-com-reforma-trabalhista\/","title":{"rendered":"Veja o que muda nas f\u00e9rias com a Reforma Trabalhista"},"content":{"rendered":"<p style=\"text-align: justify;\">O que a empresa precisa observar para concess\u00e3o das f\u00e9rias:<\/p>\n<ol style=\"text-align: justify;\">\n<li>Se o empregado durante o per\u00edodo aquisitivo de f\u00e9rias teve falta sem justificativa, faltas que o empregador desconto o dia de trabalho da remunera\u00e7\u00e3o, faltas que ultrapassem o limite de 05 dias. <strong>Mais de 05 faltas sem justificativas o empregado n\u00e3o tem direito a 30 dias de f\u00e9rias<\/strong>;<\/li>\n<\/ol>\n<ol style=\"text-align: justify;\" start=\"2\">\n<li>Empregado menor de 18 anos ou maiores acima de 50 anos de idade, as f\u00e9rias ser\u00e3o sempre concedidas de uma s\u00f3 vez.<\/li>\n<\/ol>\n<ol style=\"text-align: justify;\" start=\"3\">\n<li><u>Desde que haja concord\u00e2ncia do <strong>empregado<\/strong><\/u><strong>, <\/strong>as f\u00e9rias poder\u00e3o ser usufru\u00eddas em 03 per\u00edodos, sendo que um deles n\u00e3o poder\u00e1 se inferior a 14 dias corridos e os demais n\u00e3o poder\u00e3o ser inferior a 05 dias corridos.<\/li>\n<\/ol>\n<ol style=\"text-align: justify;\" start=\"4\">\n<li>\u00c9 proibido o in\u00edcio das f\u00e9rias no per\u00edodo de 02 dias que antecede feriado, ou dia de repouso semanal remunerado.<\/li>\n<\/ol>\n<ol style=\"text-align: justify;\" start=\"5\">\n<li>As f\u00e9rias coletivas devem ser comunicadas a Superintend\u00eancia Regional do Trabalho \u00a0no prazo de 15 dias antes do inicio das f\u00e9rias, o mesmo prazo c\u00f3pia do comunicado deve ser enviado ao Sindicato dos empregados.<\/li>\n<\/ol>\n<p style=\"text-align: justify;\">Fonte: Marcos Ant\u00f4nio Silveira \u2013 Consultor Jur\u00eddico do SERT\/SC<\/p>\n<p style=\"text-align: justify;\">OAB\/SC 15.312<\/p>\n","protected":false},"excerpt":{"rendered":"<p>O que a empresa precisa observar para concess\u00e3o das f\u00e9rias:&hellip;<\/p>\n<p> <a class=\"more-link\" href=\"https:\/\/sertsc.org.br\/site\/veja-o-que-muda-nas-ferias-com-reforma-trabalhista\/\">Leia mais<\/a><\/p>\n","protected":false},"author":1,"featured_media":6284,"comment_status":"closed","ping_status":"open","sticky":false,"template":"","format":"standard","meta":{"footnotes":""},"categories":[36,33],"tags":[67,50,70,65,51,62,43,52,63,66,64,71,53,54,46,60,47,56,61,58,69,59],"class_list":{"0":"post-6282","1":"post","2":"type-post","3":"status-publish","4":"format-standard","5":"has-post-thumbnail","7":"category-artigos","8":"category-destaques","9":"tag-capacitacao","10":"tag-emissoras-de-radio","11":"tag-emissoras-de-radio-e-tv","12":"tag-emissoras-de-tv","13":"tag-encontro-regional","14":"tag-gestao","15":"tag-mctic","16":"tag-migracao-am-fm","17":"tag-planejamento-estrategico","18":"tag-radio-e-tv","19":"tag-redes-sociais","20":"tag-reforma-trabalhista","21":"tag-representante-patronal","22":"tag-santa-catarina","23":"tag-sc","24":"tag-seminarios","25":"tag-sertsc","26":"tag-sindicato-patronal","27":"tag-televisao","28":"tag-tv","29":"tag-tv-aberta","30":"tag-tv-digital"},"_links":{"self":[{"href":"https:\/\/sertsc.org.br\/site\/wp-json\/wp\/v2\/posts\/6282","targetHints":{"allow":["GET"]}}],"collection":[{"href":"https:\/\/sertsc.org.br\/site\/wp-json\/wp\/v2\/posts"}],"about":[{"href":"https:\/\/sertsc.org.br\/site\/wp-json\/wp\/v2\/types\/post"}],"author":[{"embeddable":true,"href":"https:\/\/sertsc.org.br\/site\/wp-json\/wp\/v2\/users\/1"}],"replies":[{"embeddable":true,"href":"https:\/\/sertsc.org.br\/site\/wp-json\/wp\/v2\/comments?post=6282"}],"version-history":[{"count":0,"href":"https:\/\/sertsc.org.br\/site\/wp-json\/wp\/v2\/posts\/6282\/revisions"}],"wp:featuredmedia":[{"embeddable":true,"href":"https:\/\/sertsc.org.br\/site\/wp-json\/"}],"wp:attachment":[{"href":"https:\/\/sertsc.org.br\/site\/wp-json\/wp\/v2\/media?parent=6282"}],"wp:term":[{"taxonomy":"category","embeddable":true,"href":"https:\/\/sertsc.org.br\/site\/wp-json\/wp\/v2\/categories?post=6282"},{"taxonomy":"post_tag","embeddable":true,"href":"https:\/\/sertsc.org.br\/site\/wp-json\/wp\/v2\/tags?post=6282"}],"curies":[{"name":"wp","href":"https:\/\/api.w.org\/{rel}","templated":true}]}}