{"id":6278,"date":"2017-11-27T08:30:56","date_gmt":"2017-11-27T10:30:56","guid":{"rendered":"http:\/\/www.sertsc.org.br\/site\/?p=6278"},"modified":"2017-11-27T08:30:56","modified_gmt":"2017-11-27T10:30:56","slug":"status-da-migracao-santa-catarina-ganha-uma-nova-fm-em-novembro","status":"publish","type":"post","link":"https:\/\/sertsc.org.br\/site\/status-da-migracao-santa-catarina-ganha-uma-nova-fm-em-novembro\/","title":{"rendered":"STATUS da MIGRA\u00c7\u00c3O: Santa Catarina ganha uma nova FM em Novembro"},"content":{"rendered":"<p class=\"font-16\" style=\"text-align: justify;\">A R\u00e1dio Rio Negrinho passou a transmitir a sua programa\u00e7\u00e3o no dial 97,9 FM<\/p>\n<p style=\"text-align: justify;\">Santa Catarina tem mais uma FM a partir novembro. A R\u00e1dio Rio Negrinho passou a ocupar o dial 97,9 FM, concluindo o processo de Migra\u00e7\u00e3o AM-FM. A emissora foi fundada em 1948 ocupando a frequ\u00eancia 1570 AM, que continua em opera\u00e7\u00e3o pelos pr\u00f3ximos seis meses conforme prev\u00ea a legisla\u00e7\u00e3o de transmiss\u00e3o\u00a0<em>simulcasting.<\/em><\/p>\n<p style=\"text-align: justify;\">Com essa nova emissora, a Migra\u00e7\u00e3o em Santa Catarina j\u00e1 totaliza 23 novas FM\u2019s.<\/p>\n<p style=\"text-align: justify;\">Veja \u00a0abaixo a rela\u00e7\u00e3o completa das emissoras que j\u00e1 migraram.<\/p>\n<table border=\"0\" cellspacing=\"0\" cellpadding=\"0\">\n<tbody>\n<tr>\n<td>R\u00e1dio<\/td>\n<td>Cidade<\/td>\n<td>Frequ\u00eancia<\/td>\n<\/tr>\n<tr>\n<td>R\u00e1dio Demais Cat\u00f3lica<\/td>\n<td>Balne\u00e1rio Cambori\u00fa<\/td>\n<td>90.9 FM<\/td>\n<\/tr>\n<tr>\n<td>R\u00e1dio Difusora<\/td>\n<td>S\u00e3o Joaquim<\/td>\n<td>106.7 FM<\/td>\n<\/tr>\n<tr>\n<td>R\u00e1dio Coroado<\/td>\n<td>Curitibanos<\/td>\n<td>106.1 FM<\/td>\n<\/tr>\n<tr>\n<td>R\u00e1dio Difusora<\/td>\n<td>Laguna<\/td>\n<td>91.5 FM<\/td>\n<\/tr>\n<tr>\n<td>R\u00e1dio Pomerode<\/td>\n<td>Pomerode<\/td>\n<td>65.1 FM<\/td>\n<\/tr>\n<tr>\n<td>R\u00e1dio Educadora<\/td>\n<td>Tai\u00f3<\/td>\n<td>90.3 FM<\/td>\n<\/tr>\n<tr>\n<td>R\u00e1dio Cultura<\/td>\n<td>Timb\u00f3<\/td>\n<td>92.1 FM<\/td>\n<\/tr>\n<tr>\n<td>R\u00e1dio Gralha Azul<\/td>\n<td>Urubici<\/td>\n<td>88.9 FM<\/td>\n<\/tr>\n<tr>\n<td>R\u00e1dio Menina<\/td>\n<td>Lages<\/td>\n<td>89.9 FM<\/td>\n<\/tr>\n<tr>\n<td>R\u00e1dio Clube<\/td>\n<td>Lages<\/td>\n<td>98.3 FM<\/td>\n<\/tr>\n<tr>\n<td>R\u00e1dio Massa<\/td>\n<td>Lages<\/td>\n<td>92.1 FM<\/td>\n<\/tr>\n<tr>\n<td>R\u00e1dio Clube<\/td>\n<td>Indaial<\/td>\n<td>101.1 FM<\/td>\n<\/tr>\n<tr>\n<td>R\u00e1dio Belos Vales<\/td>\n<td>Ibirama<\/td>\n<td>89.9 FM<\/td>\n<\/tr>\n<tr>\n<td>R\u00e1dio Sintonia<\/td>\n<td>Ituporanga<\/td>\n<td>94.7 FM<\/td>\n<\/tr>\n<tr>\n<td>R\u00e1dio Brasil Novo<\/td>\n<td>Jaragu\u00e1 do Sul<\/td>\n<td>94.3 FM<\/td>\n<\/tr>\n<tr>\n<td>R\u00e1dio Demais<\/td>\n<td>Itai\u00f3polis<\/td>\n<td>101.1 FM<\/td>\n<\/tr>\n<tr>\n<td>R\u00e1dio Verde Vale<\/td>\n<td>Bra\u00e7o do Norte<\/td>\n<td>91.9 FM<\/td>\n<\/tr>\n<tr>\n<td>R\u00e1dio S\u00e3o Jos\u00e9<\/td>\n<td>Mafra<\/td>\n<td>96.9 FM<\/td>\n<\/tr>\n<tr>\n<td>R\u00e1dio Caibi<\/td>\n<td>Caibi<\/td>\n<td>96.7 FM<\/td>\n<\/tr>\n<tr>\n<td>R\u00e1dio Belos FM<\/td>\n<td>Seara<\/td>\n<td>92.1 FM<\/td>\n<\/tr>\n<tr>\n<td>R\u00e1dio Centro Oeste<\/td>\n<td>Pinhalzinho<\/td>\n<td>100.9 FM<\/td>\n<\/tr>\n<tr>\n<td>R\u00e1dio Cultura<\/td>\n<td>Campos Novos<\/td>\n<td>93,9 FM<\/td>\n<\/tr>\n<tr>\n<td>R\u00e1dio Rio Negrinho<\/td>\n<td>Rio Negrinho<\/td>\n<td>97,9 FM<\/td>\n<\/tr>\n<\/tbody>\n<\/table>\n<p style=\"text-align: justify;\">Outras 17 emissoras catarinenses ainda est\u00e3o em processo de migra\u00e7\u00e3o, ou seja, realizando a compra de equipamentos, elaborando os projetos t\u00e9cnicos e solicitando as devidas autoriza\u00e7\u00f5es da ANATEL.<\/p>\n<p style=\"text-align: justify;\">Confira abaixo a rela\u00e7\u00e3o das emissoras em processo de migra\u00e7\u00e3o<\/p>\n<table border=\"0\" cellspacing=\"0\" cellpadding=\"0\">\n<tbody>\n<tr>\n<td>R\u00e1dio<\/td>\n<td>Cidade<\/td>\n<td>Situa\u00e7\u00e3o<\/td>\n<\/tr>\n<tr>\n<td>R\u00e1dio Clube<\/td>\n<td>Canoinhas<\/td>\n<td>Em processo<\/td>\n<\/tr>\n<tr>\n<td>R\u00e1dio Cruz e Malta<\/td>\n<td>Lauro Muller<\/td>\n<td>Em processo<\/td>\n<\/tr>\n<tr>\n<td>R\u00e1dio Alvorada<\/td>\n<td>Santa Cec\u00edlia<\/td>\n<td>Em processo<\/td>\n<\/tr>\n<tr>\n<td>R\u00e1dio Guararema<\/td>\n<td>S\u00e3o Jos\u00e9<\/td>\n<td>Em processo<\/td>\n<\/tr>\n<tr>\n<td>R\u00e1dio Record<\/td>\n<td>S\u00e3o Jos\u00e9<\/td>\n<td>Em processo<\/td>\n<\/tr>\n<tr>\n<td>R\u00e1dio Difusora<\/td>\n<td>I\u00e7ara<\/td>\n<td>Em processo<\/td>\n<\/tr>\n<tr>\n<td>R\u00e1dio Planalto<\/td>\n<td>Major Vieira<\/td>\n<td>Em processo<\/td>\n<\/tr>\n<tr>\n<td>R\u00e1dio Difusora<\/td>\n<td>Maravilha<\/td>\n<td>Em processo<\/td>\n<\/tr>\n<tr>\n<td>R\u00e1dio Modelo<\/td>\n<td>Modelo<\/td>\n<td>Em processo<\/td>\n<\/tr>\n<tr>\n<td>R\u00e1dio Namb\u00e1<\/td>\n<td>Ponte Serrada<\/td>\n<td>Em processo<\/td>\n<\/tr>\n<tr>\n<td>R\u00e1dio S\u00e3o Bento<\/td>\n<td>S\u00e3o Bento do Sul<\/td>\n<td>Em processo<\/td>\n<\/tr>\n<tr>\n<td>R\u00e1dio Marconi<\/td>\n<td>Urussanga<\/td>\n<td>Em processo<\/td>\n<\/tr>\n<tr>\n<td>R\u00e1dio L\u00edder<\/td>\n<td>Herval D\u2019 Oeste<\/td>\n<td>Em processo<\/td>\n<\/tr>\n<tr>\n<td>R\u00e1dio Catarinense<\/td>\n<td>Joa\u00e7aba<\/td>\n<td>Em processo<\/td>\n<\/tr>\n<tr>\n<td>R\u00e1dio Fraiburgo<\/td>\n<td>Fraiburgo<\/td>\n<td>Em processo<\/td>\n<\/tr>\n<tr>\n<td>R\u00e1dio Imigrantes<\/td>\n<td>Turvo<\/td>\n<td>Em processo<\/td>\n<\/tr>\n<\/tbody>\n<\/table>\n<p style=\"text-align: justify;\">Mais de 50 R\u00e1dios precisar\u00e3o aguardar o desligamento da TV anal\u00f3gica \u2013 e a libera\u00e7\u00e3o dos canais 5 e 6 (de 76 FM a 87 FM) \u2013 para poder migrar no FM estendido. Em Florian\u00f3polis, Blumenau e Joinville o desligamento da TV anal\u00f3gica j\u00e1 tem data definida; na capital a previs\u00e3o \u00e9 31 de janeiro de 2018.<\/p>\n<p class=\"font-11\" style=\"text-align: justify;\">Fonte: Acaert.<\/p>\n","protected":false},"excerpt":{"rendered":"<p>A R\u00e1dio Rio Negrinho passou a transmitir a sua programa\u00e7\u00e3o&hellip;<\/p>\n<p> <a class=\"more-link\" href=\"https:\/\/sertsc.org.br\/site\/status-da-migracao-santa-catarina-ganha-uma-nova-fm-em-novembro\/\">Leia mais<\/a><\/p>\n","protected":false},"author":1,"featured_media":6279,"comment_status":"closed","ping_status":"open","sticky":false,"template":"","format":"standard","meta":{"footnotes":""},"categories":[3],"tags":[67,50,70,65,51,62,43,52,63,66,64,71,53,54,46,60,47,56,61,58,69,59],"class_list":{"0":"post-6278","1":"post","2":"type-post","3":"status-publish","4":"format-standard","5":"has-post-thumbnail","7":"category-noticias","8":"tag-capacitacao","9":"tag-emissoras-de-radio","10":"tag-emissoras-de-radio-e-tv","11":"tag-emissoras-de-tv","12":"tag-encontro-regional","13":"tag-gestao","14":"tag-mctic","15":"tag-migracao-am-fm","16":"tag-planejamento-estrategico","17":"tag-radio-e-tv","18":"tag-redes-sociais","19":"tag-reforma-trabalhista","20":"tag-representante-patronal","21":"tag-santa-catarina","22":"tag-sc","23":"tag-seminarios","24":"tag-sertsc","25":"tag-sindicato-patronal","26":"tag-televisao","27":"tag-tv","28":"tag-tv-aberta","29":"tag-tv-digital"},"_links":{"self":[{"href":"https:\/\/sertsc.org.br\/site\/wp-json\/wp\/v2\/posts\/6278","targetHints":{"allow":["GET"]}}],"collection":[{"href":"https:\/\/sertsc.org.br\/site\/wp-json\/wp\/v2\/posts"}],"about":[{"href":"https:\/\/sertsc.org.br\/site\/wp-json\/wp\/v2\/types\/post"}],"author":[{"embeddable":true,"href":"https:\/\/sertsc.org.br\/site\/wp-json\/wp\/v2\/users\/1"}],"replies":[{"embeddable":true,"href":"https:\/\/sertsc.org.br\/site\/wp-json\/wp\/v2\/comments?post=6278"}],"version-history":[{"count":0,"href":"https:\/\/sertsc.org.br\/site\/wp-json\/wp\/v2\/posts\/6278\/revisions"}],"wp:featuredmedia":[{"embeddable":true,"href":"https:\/\/sertsc.org.br\/site\/wp-json\/"}],"wp:attachment":[{"href":"https:\/\/sertsc.org.br\/site\/wp-json\/wp\/v2\/media?parent=6278"}],"wp:term":[{"taxonomy":"category","embeddable":true,"href":"https:\/\/sertsc.org.br\/site\/wp-json\/wp\/v2\/categories?post=6278"},{"taxonomy":"post_tag","embeddable":true,"href":"https:\/\/sertsc.org.br\/site\/wp-json\/wp\/v2\/tags?post=6278"}],"curies":[{"name":"wp","href":"https:\/\/api.w.org\/{rel}","templated":true}]}}