{"id":6275,"date":"2017-11-23T12:07:08","date_gmt":"2017-11-23T14:07:08","guid":{"rendered":"http:\/\/www.sertsc.org.br\/site\/?p=6275"},"modified":"2017-11-23T12:07:08","modified_gmt":"2017-11-23T14:07:08","slug":"mctic-publica-portaria-que-agiliza-tramitacao-de-processos-especificos","status":"publish","type":"post","link":"https:\/\/sertsc.org.br\/site\/mctic-publica-portaria-que-agiliza-tramitacao-de-processos-especificos\/","title":{"rendered":"MCTIC publica portaria que agiliza tramita\u00e7\u00e3o de processos espec\u00edficos"},"content":{"rendered":"<p style=\"text-align: justify;\">O Minist\u00e9rio da Ci\u00eancia, Tecnologia, Inova\u00e7\u00f5es e Comunica\u00e7\u00f5es (MCTIC) publicou, na segunda-feira (20), portaria que agilizar\u00e1 alguns processos em andamento no \u00f3rg\u00e3o. De acordo com o texto da Portaria n\u00ba 6.783, os titulares dos departamentos de Radiodifus\u00e3o Comercial, Educativa, Comunit\u00e1ria e de Fiscaliza\u00e7\u00e3o ter\u00e3o compet\u00eancias para aprovar algumas manifesta\u00e7\u00f5es t\u00e9cnicas, de forma conclusiva, sem a necessidade de um parecer da Secretaria de Radiodifus\u00e3o.<\/p>\n<p>\u201cEssa delega\u00e7\u00e3o de compet\u00eancia aos diretores de cada departamento dar\u00e1 mais celeridade ao tr\u00e2mite de alguns processos. Com isso, a Secretaria de Radiodifus\u00e3o ter\u00e1 mais tempo para trabalhar com pol\u00edticas p\u00fablicas e projetos de moderniza\u00e7\u00e3o do setor\u201d, avalia o diretor geral da ABERT Luis Roberto Antonik.<\/p>\n<p>Para Antonik, a desburocratiza\u00e7\u00e3o dos processos tem sido a marca da atual gest\u00e3o do MCTIC. &#8220;No sentido contr\u00e1rio de outras administra\u00e7\u00f5es, que complicam os processos, o MCTIC vem promovendo, frequentemente, descentraliza\u00e7\u00f5es de decis\u00f5es e medidas desburocratizantes, facilitando enormemente os processos administrativos e societ\u00e1rios\u201d, comentou.<\/p>\n<p>O diretor tamb\u00e9m afirmou que a ABERT aprova a nova medida. \u201cA ABERT louva essa linha de gerenciamento, j\u00e1 que o intenso processo burocr\u00e1tico institu\u00eddo ao longo dos anos naquela autarquia apenas conseguiu prejudicar as pequenas emissoras, em especial do setor de r\u00e1dio, que n\u00e3o possuem estrutura jur\u00eddico\/regulat\u00f3ria, muito menos condi\u00e7\u00f5es financeiras de descolocamento constante a Brasilia&#8221;, ressaltou.<\/p>\n<p>Os processos que envolvem mat\u00e9rias in\u00e9ditas, acordos e recursos administrativos n\u00e3o est\u00e3o contemplados pela portaria e continuam necessitando da aprova\u00e7\u00e3o da Secretaria de Radiodifus\u00e3o.<\/p>\n<p><em>Fonte: Tudo R\u00e1dio; Com informa\u00e7\u00f5es da ABERT<\/em><\/p>\n","protected":false},"excerpt":{"rendered":"<p>O Minist\u00e9rio da Ci\u00eancia, Tecnologia, Inova\u00e7\u00f5es e Comunica\u00e7\u00f5es (MCTIC) publicou,&hellip;<\/p>\n<p> <a class=\"more-link\" href=\"https:\/\/sertsc.org.br\/site\/mctic-publica-portaria-que-agiliza-tramitacao-de-processos-especificos\/\">Leia mais<\/a><\/p>\n","protected":false},"author":1,"featured_media":6276,"comment_status":"closed","ping_status":"open","sticky":false,"template":"","format":"standard","meta":{"footnotes":""},"categories":[3],"tags":[67,50,70,65,51,62,43,52,63,66,64,71,53,54,46,60,47,56,61,58,69,59],"class_list":{"0":"post-6275","1":"post","2":"type-post","3":"status-publish","4":"format-standard","5":"has-post-thumbnail","7":"category-noticias","8":"tag-capacitacao","9":"tag-emissoras-de-radio","10":"tag-emissoras-de-radio-e-tv","11":"tag-emissoras-de-tv","12":"tag-encontro-regional","13":"tag-gestao","14":"tag-mctic","15":"tag-migracao-am-fm","16":"tag-planejamento-estrategico","17":"tag-radio-e-tv","18":"tag-redes-sociais","19":"tag-reforma-trabalhista","20":"tag-representante-patronal","21":"tag-santa-catarina","22":"tag-sc","23":"tag-seminarios","24":"tag-sertsc","25":"tag-sindicato-patronal","26":"tag-televisao","27":"tag-tv","28":"tag-tv-aberta","29":"tag-tv-digital"},"_links":{"self":[{"href":"https:\/\/sertsc.org.br\/site\/wp-json\/wp\/v2\/posts\/6275","targetHints":{"allow":["GET"]}}],"collection":[{"href":"https:\/\/sertsc.org.br\/site\/wp-json\/wp\/v2\/posts"}],"about":[{"href":"https:\/\/sertsc.org.br\/site\/wp-json\/wp\/v2\/types\/post"}],"author":[{"embeddable":true,"href":"https:\/\/sertsc.org.br\/site\/wp-json\/wp\/v2\/users\/1"}],"replies":[{"embeddable":true,"href":"https:\/\/sertsc.org.br\/site\/wp-json\/wp\/v2\/comments?post=6275"}],"version-history":[{"count":0,"href":"https:\/\/sertsc.org.br\/site\/wp-json\/wp\/v2\/posts\/6275\/revisions"}],"wp:featuredmedia":[{"embeddable":true,"href":"https:\/\/sertsc.org.br\/site\/wp-json\/"}],"wp:attachment":[{"href":"https:\/\/sertsc.org.br\/site\/wp-json\/wp\/v2\/media?parent=6275"}],"wp:term":[{"taxonomy":"category","embeddable":true,"href":"https:\/\/sertsc.org.br\/site\/wp-json\/wp\/v2\/categories?post=6275"},{"taxonomy":"post_tag","embeddable":true,"href":"https:\/\/sertsc.org.br\/site\/wp-json\/wp\/v2\/tags?post=6275"}],"curies":[{"name":"wp","href":"https:\/\/api.w.org\/{rel}","templated":true}]}}