{"id":6271,"date":"2017-11-23T08:56:24","date_gmt":"2017-11-23T10:56:24","guid":{"rendered":"http:\/\/www.sertsc.org.br\/site\/?p=6271"},"modified":"2017-11-23T08:56:24","modified_gmt":"2017-11-23T10:56:24","slug":"campanha-da-tv-digital-tera-o-dia-d-de-desligamento","status":"publish","type":"post","link":"https:\/\/sertsc.org.br\/site\/campanha-da-tv-digital-tera-o-dia-d-de-desligamento\/","title":{"rendered":"Campanha da TV Digital ter\u00e1 o Dia D de desligamento"},"content":{"rendered":"<p class=\"font-16\" style=\"text-align: justify;\"><strong>A\u00e7\u00e3o faz parte do esfor\u00e7o de conscientizar a popula\u00e7\u00e3o para o desligamento da tv anal\u00f3gica<\/strong><\/p>\n<p style=\"text-align: justify;\">O grupo de trabalho para o processo de digitaliza\u00e7\u00e3o do sinal de TV em Santa Catarina, formado por representantes das emissoras e da ACAERT, e coordenado pela Seja Digital, programou para o dia 11 de dezembro o Dia D do desligamento da tv anal\u00f3gica. A data precisa ser confirmada. Neste dia, haver\u00e1 um esfor\u00e7o concentrado de todos os atores envolvidos no processo para intensificar os trabalhos. O grupo se reuniu nesta quarta-feira (22) para fazer um balan\u00e7o das a\u00e7\u00f5es realizadas at\u00e9 agora. No dia 31 de janeiro do ano que vem, haver\u00e1 o desligamento da tv anal\u00f3gica em Florian\u00f3polis, Bigua\u00e7u, Palho\u00e7a, S\u00e3o Jos\u00e9 e Paulo Lopes.<\/p>\n<p style=\"text-align: justify;\">A Seja Digital \u00e9 a entidade respons\u00e1vel pela digitaliza\u00e7\u00e3o da tv em todo o Brasil. Em Santa Catarina, a a\u00e7\u00e3o tem apoio da ACAERT e das emissoras de tv. Entre as a\u00e7\u00f5es, est\u00e1 a distribui\u00e7\u00e3o de kits para os benefici\u00e1rios de programas federais. \u201cS\u00e3o 35 mil kits para serem distribu\u00eddos e n\u00e3o vamos deixar ningu\u00e9m para tr\u00e1s\u201d, afirma Cheila Zort\u00e9a, gerente regional da Seja Digital. \u201cEstamos otimistas com a ades\u00e3o de v\u00e1rias entidades e empresas, como o Senai\/SC, IFSC, Celesc, ACAERT, CDL de Florian\u00f3polis, Intelbr\u00e1s, entre outras\u201d.<\/p>\n<p style=\"text-align: justify;\">Outras a\u00e7\u00f5es s\u00e3o a patrulha digital, clube do antenista, mutir\u00e3o do varejo, mutir\u00e3o do agendamento, caravana digital e feir\u00f5es, que s\u00e3o uma oportunidade do consumidor adquirir equipamentos mais baratos.\u00a0<em>(Veja abaixo a programa\u00e7\u00e3o da Seja Digital)<\/em><\/p>\n<p style=\"text-align: justify;\">Sobre a Seja Digital<\/p>\n<p style=\"text-align: justify;\">A Seja Digital (EAD &#8211; Entidade Administradora da Digitaliza\u00e7\u00e3o de Canais TV e RTV) \u00e9 uma institui\u00e7\u00e3o n\u00e3o governamental e sem fins lucrativos, respons\u00e1vel por operacionalizar a migra\u00e7\u00e3o do sinal anal\u00f3gico para o sinal digital da televis\u00e3o no Brasil. Criada por determina\u00e7\u00e3o da Anatel, tem como miss\u00e3o garantir que a popula\u00e7\u00e3o tenha acesso \u00e0 TV Digital, oferecendo suporte did\u00e1tico, desenvolvendo campanhas de comunica\u00e7\u00e3o e mobiliza\u00e7\u00e3o social e distribuindo kits para TV digital para as fam\u00edlias cadastradas em programas sociais do Governo Federal. Tamb\u00e9m tem como objetivos aferir a ado\u00e7\u00e3o do sinal de TV digital, remanejar os canais nas frequ\u00eancias e garantir a conviv\u00eancia sem interfer\u00eancia dos sinais da TV e 4G ap\u00f3s o desligamento do sinal anal\u00f3gico. Esse processo teve in\u00edcio em abril de 2015 e, de acordo com cronograma definido pelo Minist\u00e9rio da Ci\u00eancia, Tecnologia, Inova\u00e7\u00f5es e Comunica\u00e7\u00f5es, mais de 1300 munic\u00edpios ter\u00e3o o sinal anal\u00f3gico desligado at\u00e9 2018.<\/p>\n<p style=\"text-align: justify;\">Calend\u00e1rio de A\u00e7\u00f5es: (poder\u00e1 haver mudan\u00e7as)<\/p>\n<ul style=\"text-align: justify;\">\n<li>25\/11 \u2013 Mutir\u00e3o de Agendamento (Brejar\u00fa)<\/li>\n<li>25\/11 \u2013 Mutir\u00e3o de Agendamento (Pachecos)<\/li>\n<li>25\/11 a 03\/12 \u2013 Patrulha Digital \u2013 Onda nas comunidades<\/li>\n<li>27 a 30\/11 \u2013 Mutir\u00f5es de Varejo<\/li>\n<li>27\/11 a 01\/12 \u2013 Semana da Concilia\u00e7\u00e3o (Florian\u00f3polis)<\/li>\n<li>29\/11 \u2013 Instala\u00e7\u00e3o Premiada \u2013 3\u00ba Sorteio<\/li>\n<li>29\/11 \u2013 Natal CDL Centro<\/li>\n<li>30\/11 \u2013 Natal CDL Ingleses<\/li>\n<li>02\/12 \u2013 Natal CDL Rio Tavares<\/li>\n<li>02\/12 \u2013 Mutir\u00e3o de Agendamento (Ingleses)<\/li>\n<li>02\/12 \u2013 Mutir\u00e3o de Agendamento (Chico Mendes)<\/li>\n<li>01 e 02\/12 \u2013 Feir\u00e3o Florian\u00f3polis e Feir\u00e3o S\u00e3o Jos\u00e9<\/li>\n<li>02\/12 \u2013 Liga das Escolas de Samba<\/li>\n<li>02 e 03\/12 \u2013 Mutir\u00e3o de Instala\u00e7\u00e3o\u00a0 (Antenistas)<\/li>\n<li>03\/12 \u2013 Mutir\u00e3o de Agendamento (Saco dos Lim\u00f5es)<\/li>\n<li>03\/12 \u2013 Natal CDL Costeira<\/li>\n<li>04 a 16\/12 \u2013 Caravana Digital itinerante<\/li>\n<li>06\/12 \u2013 Natal CDL Campeche<\/li>\n<li>09\/12 \u2013 Ensaio das Escolas de Samba<\/li>\n<li>08 e 09\/12 \u2013 Feir\u00e3o Florian\u00f3polis e Feir\u00e3o Palho\u00e7a<\/li>\n<li>09\/12 \u2013 Mutir\u00e3o de Agendamento (Forquilhinhas)<\/li>\n<li>09\/12 \u2013 Mutir\u00e3o de Agendamento (Pantanal)<\/li>\n<li>09 e 10\/12 \u2013 Mutir\u00e3o de Instala\u00e7\u00e3o (Antenistas)<\/li>\n<li>13\/12 \u2013 Instala\u00e7\u00e3o Premiada \u2013 4\u00ba Sorteio<\/li>\n<li>13\/12 \u2013 Natal CDL Canasvieiras<\/li>\n<li>16\/12 \u2013 Natal CDL Estreito<\/li>\n<li>16\/12 \u2013 Ensaio das Escolas de Samba<\/li>\n<li>16 e 17\/12 \u2013 Mutir\u00e3o de Instala\u00e7\u00e3o (Antenistas)<\/li>\n<li>23\/12 \u2013 A\u00e7\u00e3o Promocional no Koerich Centro<\/li>\n<li>23\/12 \u2013 A\u00e7\u00e3o Promocional na Havan Monte Cristo<\/li>\n<li>23\/12 \u2013 Ensaio das Escolas de Samba<\/li>\n<li>02 a 20\/01 \u2013 Mutir\u00f5es de Instala\u00e7\u00e3o (Comunidades)<\/li>\n<li>06 e 07\/01 \u2013 Mutir\u00e3o de Instala\u00e7\u00e3o (Antenistas)<\/li>\n<li>06\/01 \u2013 Mutir\u00e3o de Agendamento (Campeche)<\/li>\n<li>06\/01 \u2013 Ensaio das Escolas de Samba<\/li>\n<li>13\/01 \u2013 Ensaio das Escolas de Samba<\/li>\n<\/ul>\n<p style=\"text-align: justify;\">Fonte: Seja Digital<\/p>\n<p class=\"font-11\" style=\"text-align: justify;\">Com informa\u00e7\u00f5es\u00a0Assessoria de Imprensa ACAERT<\/p>\n","protected":false},"excerpt":{"rendered":"<p>A\u00e7\u00e3o faz parte do esfor\u00e7o de conscientizar a popula\u00e7\u00e3o para&hellip;<\/p>\n<p> <a class=\"more-link\" href=\"https:\/\/sertsc.org.br\/site\/campanha-da-tv-digital-tera-o-dia-d-de-desligamento\/\">Leia mais<\/a><\/p>\n","protected":false},"author":1,"featured_media":6272,"comment_status":"closed","ping_status":"open","sticky":false,"template":"","format":"standard","meta":{"footnotes":""},"categories":[3],"tags":[67,50,70,65,51,62,43,52,63,66,64,71,53,54,46,60,47,56,61,58,69,59],"class_list":{"0":"post-6271","1":"post","2":"type-post","3":"status-publish","4":"format-standard","5":"has-post-thumbnail","7":"category-noticias","8":"tag-capacitacao","9":"tag-emissoras-de-radio","10":"tag-emissoras-de-radio-e-tv","11":"tag-emissoras-de-tv","12":"tag-encontro-regional","13":"tag-gestao","14":"tag-mctic","15":"tag-migracao-am-fm","16":"tag-planejamento-estrategico","17":"tag-radio-e-tv","18":"tag-redes-sociais","19":"tag-reforma-trabalhista","20":"tag-representante-patronal","21":"tag-santa-catarina","22":"tag-sc","23":"tag-seminarios","24":"tag-sertsc","25":"tag-sindicato-patronal","26":"tag-televisao","27":"tag-tv","28":"tag-tv-aberta","29":"tag-tv-digital"},"_links":{"self":[{"href":"https:\/\/sertsc.org.br\/site\/wp-json\/wp\/v2\/posts\/6271","targetHints":{"allow":["GET"]}}],"collection":[{"href":"https:\/\/sertsc.org.br\/site\/wp-json\/wp\/v2\/posts"}],"about":[{"href":"https:\/\/sertsc.org.br\/site\/wp-json\/wp\/v2\/types\/post"}],"author":[{"embeddable":true,"href":"https:\/\/sertsc.org.br\/site\/wp-json\/wp\/v2\/users\/1"}],"replies":[{"embeddable":true,"href":"https:\/\/sertsc.org.br\/site\/wp-json\/wp\/v2\/comments?post=6271"}],"version-history":[{"count":0,"href":"https:\/\/sertsc.org.br\/site\/wp-json\/wp\/v2\/posts\/6271\/revisions"}],"wp:featuredmedia":[{"embeddable":true,"href":"https:\/\/sertsc.org.br\/site\/wp-json\/"}],"wp:attachment":[{"href":"https:\/\/sertsc.org.br\/site\/wp-json\/wp\/v2\/media?parent=6271"}],"wp:term":[{"taxonomy":"category","embeddable":true,"href":"https:\/\/sertsc.org.br\/site\/wp-json\/wp\/v2\/categories?post=6271"},{"taxonomy":"post_tag","embeddable":true,"href":"https:\/\/sertsc.org.br\/site\/wp-json\/wp\/v2\/tags?post=6271"}],"curies":[{"name":"wp","href":"https:\/\/api.w.org\/{rel}","templated":true}]}}