{"id":6261,"date":"2017-11-22T21:54:17","date_gmt":"2017-11-22T23:54:17","guid":{"rendered":"http:\/\/www.sertsc.org.br\/site\/?p=6261"},"modified":"2017-11-22T21:54:17","modified_gmt":"2017-11-22T23:54:17","slug":"nota-de-pesar-falecimento-sr-antunes-severo","status":"publish","type":"post","link":"https:\/\/sertsc.org.br\/site\/nota-de-pesar-falecimento-sr-antunes-severo\/","title":{"rendered":"NOTA DE PESAR &#8211; Antunes Severo"},"content":{"rendered":"<p style=\"text-align: justify;\">O <strong>Sindicato das Empresas de R\u00e1dio e Televis\u00e3o do Estado de Santa Catarina &#8211; SERT\/SC<\/strong> lamenta profundamente o falecimento de um dos principais nomes da comunica\u00e7\u00e3o em Santa Catarina, Antunes Severo,\u00a0 fundador do Instituto Caros Ouvintes.<\/p>\n<p style=\"text-align: justify;\">Antunes Severo faleceu nesta quarta-feira,\u00a0 22 de novembro, aos 85 anos.<\/p>\n<p style=\"text-align: justify;\">O vel\u00f3rio ocorre durante o dia de amanh\u00e3, 23, a partir das 8h, na Capela Marfim do Cemit\u00e9rio Jardim da Paz, e o sepultamento est\u00e1 previsto \u00e0s 14h.<\/p>\n<p class=\"alignnone\" style=\"text-align: justify;\"><img fetchpriority=\"high\" decoding=\"async\" class=\"alignleft size-medium wp-image-6269\" src=\"http:\/\/www.sertsc.org.br\/site\/wp-content\/uploads\/2017\/11\/02-22-272x300.jpeg\" alt=\"02-22\" width=\"272\" height=\"300\" \/>Na sua lista de conquistas est\u00e3o o t\u00edtulo de melhor Animador de R\u00e1dio do Paran\u00e1 e a cria\u00e7\u00e3o da ag\u00eancia de publicidade A.S. Propague, uma das primeiras do sul do pa\u00eds e atualmente uma das mais conceituadas do Brasil. Tamb\u00e9m foi professor universit\u00e1rio, executivo da comunica\u00e7\u00e3o, secret\u00e1rio de Estado da Comunica\u00e7\u00e3o Social de Santa Catarina, fundador da ADVB-SC, autor de livros, primeiro presidente do Instituto Caros Ouvintes, e idealizador de campanhas e coberturas hist\u00f3ricas.<\/p>\n<p style=\"text-align: justify;\">A Diretoria, filiadas e funcion\u00e1rios do SERT\/SC apresentam seus votos de solidariedade a todos os colaboradores do Instituto e aos familiares e amigos de Antunes Severo.<\/p>\n<p style=\"text-align: center;\">Carlos Alberto Ross<br \/>\nPresidente<\/p>\n<p style=\"text-align: justify;\">Com informa\u00e7\u00f5es Caros Ouvintes<\/p>\n","protected":false},"excerpt":{"rendered":"<p>O Sindicato das Empresas de R\u00e1dio e Televis\u00e3o do Estado&hellip;<\/p>\n<p> <a class=\"more-link\" href=\"https:\/\/sertsc.org.br\/site\/nota-de-pesar-falecimento-sr-antunes-severo\/\">Leia mais<\/a><\/p>\n","protected":false},"author":1,"featured_media":6269,"comment_status":"closed","ping_status":"open","sticky":false,"template":"","format":"standard","meta":{"footnotes":""},"categories":[3],"tags":[],"class_list":{"0":"post-6261","1":"post","2":"type-post","3":"status-publish","4":"format-standard","5":"has-post-thumbnail","7":"category-noticias"},"_links":{"self":[{"href":"https:\/\/sertsc.org.br\/site\/wp-json\/wp\/v2\/posts\/6261","targetHints":{"allow":["GET"]}}],"collection":[{"href":"https:\/\/sertsc.org.br\/site\/wp-json\/wp\/v2\/posts"}],"about":[{"href":"https:\/\/sertsc.org.br\/site\/wp-json\/wp\/v2\/types\/post"}],"author":[{"embeddable":true,"href":"https:\/\/sertsc.org.br\/site\/wp-json\/wp\/v2\/users\/1"}],"replies":[{"embeddable":true,"href":"https:\/\/sertsc.org.br\/site\/wp-json\/wp\/v2\/comments?post=6261"}],"version-history":[{"count":0,"href":"https:\/\/sertsc.org.br\/site\/wp-json\/wp\/v2\/posts\/6261\/revisions"}],"wp:featuredmedia":[{"embeddable":true,"href":"https:\/\/sertsc.org.br\/site\/wp-json\/"}],"wp:attachment":[{"href":"https:\/\/sertsc.org.br\/site\/wp-json\/wp\/v2\/media?parent=6261"}],"wp:term":[{"taxonomy":"category","embeddable":true,"href":"https:\/\/sertsc.org.br\/site\/wp-json\/wp\/v2\/categories?post=6261"},{"taxonomy":"post_tag","embeddable":true,"href":"https:\/\/sertsc.org.br\/site\/wp-json\/wp\/v2\/tags?post=6261"}],"curies":[{"name":"wp","href":"https:\/\/api.w.org\/{rel}","templated":true}]}}