{"id":6252,"date":"2017-11-22T08:31:32","date_gmt":"2017-11-22T10:31:32","guid":{"rendered":"http:\/\/www.sertsc.org.br\/site\/?p=6252"},"modified":"2017-11-22T08:31:32","modified_gmt":"2017-11-22T10:31:32","slug":"consumo-medio-de-tv-por-individuo-cresce-em-mais-de-1-hora-nos-ultimos-10-anos","status":"publish","type":"post","link":"https:\/\/sertsc.org.br\/site\/consumo-medio-de-tv-por-individuo-cresce-em-mais-de-1-hora-nos-ultimos-10-anos\/","title":{"rendered":"Consumo m\u00e9dio de TV por indiv\u00edduo cresce em mais de 1 hora nos \u00faltimos 10 anos"},"content":{"rendered":"<p class=\"font-16\" style=\"text-align: justify;\"><strong>Estudo \u00e9 da Kantar IBOPE Media que avaliou tamb\u00e9m o consumo da TV em outros dispositivos e plataformas<\/strong><\/p>\n<p style=\"text-align: justify;\">Presente em praticamente todos os lares do pa\u00eds, a TV tem espa\u00e7o garantido no cotidiano da popula\u00e7\u00e3o. O mundo mudou, a tecnologia evoluiu e a televis\u00e3o se fortaleceu: na \u00faltima d\u00e9cada, o tempo m\u00e9dio que o telespectador dedicou ao consumo do meio aumentou em mais de 1 hora. Em 2007, eles passavam, em m\u00e9dia, 5 horas e 11 minutos assistindo TV por dia. Em 2016, foram 6 horas e 17 minutos dedicados a telinha.<\/p>\n<p align=\"center\">\u00a0<img decoding=\"async\" id=\"_x0000_i1025\" title=\"TV\" src=\"http:\/\/www.imcgrupo.com\/i\/gabriela.leocadio@fsb.com.br\/tv171121_141028.jpg\" alt=\"TV\" width=\"294\" height=\"154\" \/><\/p>\n<p style=\"text-align: justify;\">A TV que voc\u00ea assiste hoje j\u00e1 n\u00e3o \u00e9 a mesma. De anal\u00f3gica para digital, de aparelho convencional para multitelas: a televis\u00e3o saiu da sala de casa e j\u00e1 pode ser assistida em qualquer local e a qualquer hor\u00e1rio. O meio vem evoluindo junto com o seu p\u00fablico e disponibiliza seu conte\u00fado nas mais diversas plataformas e dispositivos. De acordo com o Target Group Index, o v\u00eddeo sob demanda j\u00e1 \u00e9 usado por 20% dos brasileiros, 9 vezes mais do que esse n\u00famero representava em 2013. Essa nova maneira de consumir v\u00eddeo complementa o alcance da televis\u00e3o linear: a pesquisa aponta que 48% dos telespectadores brasileiros t\u00eam o h\u00e1bito de se programar para assistir conte\u00fados de TV, demonstrando que o consumo de acordo com a grade televisiva das emissoras e o consumo n\u00e3o linear coexistem. Os dispositivos e plataformas se complementam para tornar a experi\u00eancia do telespectador a melhor poss\u00edvel, no momento e no lugar em que ela se encontra.<\/p>\n<p style=\"text-align: justify;\"><strong>Na boca do povo \u2013<\/strong>\u00a0A relev\u00e2ncia da televis\u00e3o nos lares brasileiros \u00e9 refletida tamb\u00e9m no mercado publicit\u00e1rio, onde o meio ocupa um espa\u00e7o importante na estrat\u00e9gia de comunica\u00e7\u00e3o de diversas marcas. O Target Group Index aponta que a TV \u00e9 refer\u00eancia para os telespectadores brasileiros: 53% dizem confiar na televis\u00e3o para se manter informado, e 44% elegem o meio como principal fonte de entretenimento. A chamada do jornal, o \u00faltimo cap\u00edtulo da novela, a estreia do reality show e mesmo o comercial se tornam temas na roda de amigos: 54% telespectadores declararam que a propaganda na televis\u00e3o \u00e9 interessante e proporciona assuntos para conversar.<\/p>\n<p class=\"font-11\" style=\"text-align: justify;\">Fonte: Kantar Ibope Media<\/p>\n","protected":false},"excerpt":{"rendered":"<p>Estudo \u00e9 da Kantar IBOPE Media que avaliou tamb\u00e9m o&hellip;<\/p>\n<p> <a class=\"more-link\" href=\"https:\/\/sertsc.org.br\/site\/consumo-medio-de-tv-por-individuo-cresce-em-mais-de-1-hora-nos-ultimos-10-anos\/\">Leia mais<\/a><\/p>\n","protected":false},"author":1,"featured_media":6253,"comment_status":"closed","ping_status":"open","sticky":false,"template":"","format":"standard","meta":{"footnotes":""},"categories":[3],"tags":[67,50,70,65,51,62,43,52,63,66,64,71,53,54,46,60,47,56,61,58,69,59],"class_list":{"0":"post-6252","1":"post","2":"type-post","3":"status-publish","4":"format-standard","5":"has-post-thumbnail","7":"category-noticias","8":"tag-capacitacao","9":"tag-emissoras-de-radio","10":"tag-emissoras-de-radio-e-tv","11":"tag-emissoras-de-tv","12":"tag-encontro-regional","13":"tag-gestao","14":"tag-mctic","15":"tag-migracao-am-fm","16":"tag-planejamento-estrategico","17":"tag-radio-e-tv","18":"tag-redes-sociais","19":"tag-reforma-trabalhista","20":"tag-representante-patronal","21":"tag-santa-catarina","22":"tag-sc","23":"tag-seminarios","24":"tag-sertsc","25":"tag-sindicato-patronal","26":"tag-televisao","27":"tag-tv","28":"tag-tv-aberta","29":"tag-tv-digital"},"_links":{"self":[{"href":"https:\/\/sertsc.org.br\/site\/wp-json\/wp\/v2\/posts\/6252","targetHints":{"allow":["GET"]}}],"collection":[{"href":"https:\/\/sertsc.org.br\/site\/wp-json\/wp\/v2\/posts"}],"about":[{"href":"https:\/\/sertsc.org.br\/site\/wp-json\/wp\/v2\/types\/post"}],"author":[{"embeddable":true,"href":"https:\/\/sertsc.org.br\/site\/wp-json\/wp\/v2\/users\/1"}],"replies":[{"embeddable":true,"href":"https:\/\/sertsc.org.br\/site\/wp-json\/wp\/v2\/comments?post=6252"}],"version-history":[{"count":0,"href":"https:\/\/sertsc.org.br\/site\/wp-json\/wp\/v2\/posts\/6252\/revisions"}],"wp:featuredmedia":[{"embeddable":true,"href":"https:\/\/sertsc.org.br\/site\/wp-json\/"}],"wp:attachment":[{"href":"https:\/\/sertsc.org.br\/site\/wp-json\/wp\/v2\/media?parent=6252"}],"wp:term":[{"taxonomy":"category","embeddable":true,"href":"https:\/\/sertsc.org.br\/site\/wp-json\/wp\/v2\/categories?post=6252"},{"taxonomy":"post_tag","embeddable":true,"href":"https:\/\/sertsc.org.br\/site\/wp-json\/wp\/v2\/tags?post=6252"}],"curies":[{"name":"wp","href":"https:\/\/api.w.org\/{rel}","templated":true}]}}