{"id":6249,"date":"2017-11-21T17:07:30","date_gmt":"2017-11-21T19:07:30","guid":{"rendered":"http:\/\/www.sertsc.org.br\/site\/?p=6249"},"modified":"2017-11-21T17:07:30","modified_gmt":"2017-11-21T19:07:30","slug":"mudanca-para-o-sinal-digital-sera-concluida-nesta-quarta-feira-no-rio-de-janeiro-e-belo-horizonte","status":"publish","type":"post","link":"https:\/\/sertsc.org.br\/site\/mudanca-para-o-sinal-digital-sera-concluida-nesta-quarta-feira-no-rio-de-janeiro-e-belo-horizonte\/","title":{"rendered":"Mudan\u00e7a para o sinal digital ser\u00e1 conclu\u00edda nesta quarta-feira no Rio de Janeiro e Belo Horizonte"},"content":{"rendered":"<p style=\"text-align: justify;\">A partir desta quarta-feira (22), o sinal anal\u00f3gico de televis\u00e3o ser\u00e1 desligado nas cidades do Rio de Janeiro e Belo Horizonte e mais 56 munic\u00edpios localizados no entorno das duas capitais. O processo de transi\u00e7\u00e3o para a TV digital, que ser\u00e1 conclu\u00eddo nesta quarta, j\u00e1 havia come\u00e7ado h\u00e1 um m\u00eas no Rio de Janeiro e no dia 8 de novembro em Minas Gerais.<\/p>\n<p style=\"text-align: justify;\">A decis\u00e3o foi anunciada durante reuni\u00e3o do Gired, grupo respons\u00e1vel pela implanta\u00e7\u00e3o da TV digital no Brasil, nesta ter\u00e7a-feira (21). O grupo tamb\u00e9m decidiu pela antecipa\u00e7\u00e3o da data do desligamento das transmiss\u00f5es anal\u00f3gicas nos agrupamentos de Cuiab\u00e1 (MT) e Campo Grande (MS) do dia 28 de novembro de 2018 para o dia 14 de agosto de 2018.<\/p>\n<p style=\"text-align: justify;\">O desligamento da TV anal\u00f3gica no Rio de Janeiro foi confirmado depois da apresenta\u00e7\u00e3o do resultado de uma pesquisa, realizada de 9 a 20 de novembro, que aponta que 90% dos domic\u00edlios est\u00e3o prontos para receber o sinal digital de TV. O \u00edndice \u00e9 o percentual m\u00ednimo exigido para encerrar as transmiss\u00f5es anal\u00f3gicas de TV, conforme portaria do Minist\u00e9rio da Ci\u00eancia, Tecnologia, Inova\u00e7\u00f5es e Comunica\u00e7\u00f5es (MCTIC). Em outubro, o \u00edndice de digitaliza\u00e7\u00e3o nas resid\u00eancias do agrupamento era de 87%, o que levou \u00e0 decis\u00e3o de estender o processo de desligamento pelo per\u00edodo de um m\u00eas.<\/p>\n<p style=\"text-align: justify;\">Al\u00e9m da capital, o grupo do Rio de Janeiro inclui mais 18 cidades: Belford Roxo, Duque de Caxias, Guapimirim, Itabora\u00ed, Itagua\u00ed, Japeri, Mag\u00e9, Maric\u00e1, Mesquita, Nil\u00f3polis, Niter\u00f3i, Nova Igua\u00e7u, Petr\u00f3polis, Queimados, S\u00e3o Gon\u00e7alo, S\u00e3o Jo\u00e3o de Meriti, Serop\u00e9dica e Tangu\u00e1. Em todas essas cidades, a popula\u00e7\u00e3o atingida soma 12,4 milh\u00f5es de pessoas.<\/p>\n<p style=\"text-align: justify;\">J\u00e1 no agrupamento de Minas Gerais, o desligamento inclui Belo Horizonte e mais 38 cidades: Ara\u00e7a\u00ed, Baldim, Betim, Brumadinho, Cachoeira da Prata, Caet\u00e9, Capim Branco, Confins, Contagem, Esmeraldas, Florestal, Fortuna de Minas, Funil\u00e2ndia, Ibirit\u00e9, Igarap\u00e9, Inha\u00fama, Ita\u00fana, Jequitib\u00e1, Juatuba, Lagoa Santa, M\u00e1rio Campos, Mateus Leme, Matozinhos, Nova Lima, Pedro Leopoldo, Prudente de Morais, Raposos, Ribeir\u00e3o das Neves, Rio Acima, Sabar\u00e1, Santa Luzia, S\u00e3o Joaquim de Bicas, S\u00e3o Jos\u00e9 da Lapa, S\u00e3o Jos\u00e9 da Varginha, Sarzedo, Sete Lagoas, Taquara\u00e7u de Minas e Vespasiano. Ao todo, a mudan\u00e7a para a TV digital dever\u00e1 beneficiar uma popula\u00e7\u00e3o de 5,5 milh\u00f5es de pessoas.<\/p>\n<p style=\"text-align: justify;\"><strong>Kits<\/strong><\/p>\n<p style=\"text-align: justify;\">No Rio de Janeiro e entorno j\u00e1 foram distribu\u00eddos 1,1 milh\u00e3o de kits de conversores digitais, 89% do total, para as fam\u00edlias benefici\u00e1rias de programas sociais do governo federal. Nos munic\u00edpios de Minas Gerais, j\u00e1 foram entregues 386 mil equipamentos (79%). A distribui\u00e7\u00e3o dos kits continuar\u00e1 pelos pr\u00f3ximos 30 dias.<\/p>\n<p style=\"text-align: justify;\"><strong>S\u00e3o Paulo<\/strong><\/p>\n<p style=\"text-align: justify;\">Pelo cronograma de implanta\u00e7\u00e3o da TV digital, na pr\u00f3xima semana, dia 29 de novembro, ser\u00e1 a vez de Campinas (SP) e mais 84 cidades pr\u00f3ximas; Franca (SP) e outros 24 munic\u00edpios da regi\u00e3o; Ribeir\u00e3o Preto (SP) e mais 19 cidades; Santos e outras oito cidades (SP); e mais 19 cidades do Vale do Para\u00edba, tamb\u00e9m no estado de S\u00e3o Paulo.<\/p>\n<p style=\"text-align: justify;\">Com o desligamento do sinal anal\u00f3gico de televis\u00e3o nas cidades do Rio de Janeiro e de Minas Gerais, a implanta\u00e7\u00e3o do Sistema Brasileiro de TV Digital vai abranger 193 munic\u00edpios e beneficiar uma popula\u00e7\u00e3o de cerca de 60 milh\u00f5es de pessoas. Desde o in\u00edcio do processo, o sinal anal\u00f3gico j\u00e1 foi desligado em Rio Verde (GO); Bras\u00edlia e 9 cidades do entorno do Distrito Federal; S\u00e3o Paulo e 38 cidades do estado; Goi\u00e2nia e mais 28 munic\u00edpios de Goi\u00e1s; Recife e outras 13 cidades de Pernambuco; Salvador e mais 19 cidades da Bahia; Fortaleza e outras 14 cidades do Cear\u00e1; Vit\u00f3ria e mais seis cidades do Esp\u00edrito Santo.<\/p>\n<p style=\"text-align: justify;\">Fonte: MCTIC.<\/p>\n","protected":false},"excerpt":{"rendered":"<p>A partir desta quarta-feira (22), o sinal anal\u00f3gico de televis\u00e3o&hellip;<\/p>\n<p> <a class=\"more-link\" href=\"https:\/\/sertsc.org.br\/site\/mudanca-para-o-sinal-digital-sera-concluida-nesta-quarta-feira-no-rio-de-janeiro-e-belo-horizonte\/\">Leia mais<\/a><\/p>\n","protected":false},"author":1,"featured_media":6250,"comment_status":"closed","ping_status":"open","sticky":false,"template":"","format":"standard","meta":{"footnotes":""},"categories":[3],"tags":[67,50,70,65,51,62,43,52,63,66,64,71,53,54,46,60,47,56,61,58,69,59],"class_list":{"0":"post-6249","1":"post","2":"type-post","3":"status-publish","4":"format-standard","5":"has-post-thumbnail","7":"category-noticias","8":"tag-capacitacao","9":"tag-emissoras-de-radio","10":"tag-emissoras-de-radio-e-tv","11":"tag-emissoras-de-tv","12":"tag-encontro-regional","13":"tag-gestao","14":"tag-mctic","15":"tag-migracao-am-fm","16":"tag-planejamento-estrategico","17":"tag-radio-e-tv","18":"tag-redes-sociais","19":"tag-reforma-trabalhista","20":"tag-representante-patronal","21":"tag-santa-catarina","22":"tag-sc","23":"tag-seminarios","24":"tag-sertsc","25":"tag-sindicato-patronal","26":"tag-televisao","27":"tag-tv","28":"tag-tv-aberta","29":"tag-tv-digital"},"_links":{"self":[{"href":"https:\/\/sertsc.org.br\/site\/wp-json\/wp\/v2\/posts\/6249","targetHints":{"allow":["GET"]}}],"collection":[{"href":"https:\/\/sertsc.org.br\/site\/wp-json\/wp\/v2\/posts"}],"about":[{"href":"https:\/\/sertsc.org.br\/site\/wp-json\/wp\/v2\/types\/post"}],"author":[{"embeddable":true,"href":"https:\/\/sertsc.org.br\/site\/wp-json\/wp\/v2\/users\/1"}],"replies":[{"embeddable":true,"href":"https:\/\/sertsc.org.br\/site\/wp-json\/wp\/v2\/comments?post=6249"}],"version-history":[{"count":0,"href":"https:\/\/sertsc.org.br\/site\/wp-json\/wp\/v2\/posts\/6249\/revisions"}],"wp:featuredmedia":[{"embeddable":true,"href":"https:\/\/sertsc.org.br\/site\/wp-json\/"}],"wp:attachment":[{"href":"https:\/\/sertsc.org.br\/site\/wp-json\/wp\/v2\/media?parent=6249"}],"wp:term":[{"taxonomy":"category","embeddable":true,"href":"https:\/\/sertsc.org.br\/site\/wp-json\/wp\/v2\/categories?post=6249"},{"taxonomy":"post_tag","embeddable":true,"href":"https:\/\/sertsc.org.br\/site\/wp-json\/wp\/v2\/tags?post=6249"}],"curies":[{"name":"wp","href":"https:\/\/api.w.org\/{rel}","templated":true}]}}