{"id":6243,"date":"2017-11-21T13:40:08","date_gmt":"2017-11-21T15:40:08","guid":{"rendered":"http:\/\/www.sertsc.org.br\/site\/?p=6243"},"modified":"2017-11-21T13:40:08","modified_gmt":"2017-11-21T15:40:08","slug":"aerp-elege-nova-diretoria","status":"publish","type":"post","link":"https:\/\/sertsc.org.br\/site\/aerp-elege-nova-diretoria\/","title":{"rendered":"AERP elege nova diretoria"},"content":{"rendered":"<p style=\"text-align: justify;\"><em>Diretoria executiva e conselho fiscal eleitos hoje conduzir\u00e3o a entidade nos pr\u00f3ximos dois anos<\/em><\/p>\n<p style=\"text-align: justify;\">A Aerp realizou\u00a0ontem (20\/11) a elei\u00e7\u00e3o da nova diretoria executiva e do novo conselho fiscal que assumir\u00e3o a gest\u00e3o da entidade pelos pr\u00f3ximos 2 anos. A \u00fanica chapa inscrita foi aprovada por aclama\u00e7\u00e3o. Numa assembleia geral com os associados, nesta manh\u00e3, o presidente Alexandre Barros agradeceu a reelei\u00e7\u00e3o, fez o balan\u00e7o da gest\u00e3o e apresentou os projetos e metas para daqui em diante. Uma das propostas \u00e9 ampliar o di\u00e1logo com os radiodifusores.<\/p>\n<p style=\"text-align: justify;\">\u201cQueremos agradecer a confian\u00e7a dos nossos associados e continuar nos dedicando para fortalecer o meio. Uma das a\u00e7\u00f5es \u00e9 ouvir ainda mais o radiodifusor, perceber e compreender as necessidades e desafios que surgem. Tamb\u00e9m vamos buscar novos conv\u00eanios e parcerias que tragam mais recursos para as emissoras\u201d, comentou ele.<\/p>\n<p style=\"text-align: justify;\">Na sequ\u00eancia, o presidente do SERT-PR, Caique Agustini, fez a presta\u00e7\u00e3o de contas das a\u00e7\u00f5es do Sindicato.<\/p>\n<p style=\"text-align: justify;\"><img fetchpriority=\"high\" decoding=\"async\" class=\"alignleft size-medium wp-image-6244\" src=\"http:\/\/www.sertsc.org.br\/site\/wp-content\/uploads\/2017\/11\/IMG_4049-300x200.jpg\" alt=\"IMG_4049\" width=\"300\" height=\"200\" \/><\/p>\n<p style=\"text-align: justify;\">Confira como ficar\u00e1 a diretoria executiva e o conselho fiscal da AERP que tomar\u00e3o posse em 31 de janeiro de 2018:<\/p>\n<p style=\"text-align: justify;\"><strong>Presidente:\u00a0<\/strong>Carlos Alexandre Rocha Barros<\/p>\n<p style=\"text-align: justify;\"><strong>Vice-Presidente:\u00a0<\/strong>Jos\u00e9 Heriberto Micheleto<\/p>\n<p style=\"text-align: justify;\"><strong>Diretor Administrativo:\u00a0<\/strong>Luiz Antonio Benzoni Benite<\/p>\n<p style=\"text-align: justify;\"><strong>Diretor Financeiro:<\/strong>\u00a0Rog\u00e9rio Afonso<\/p>\n<p style=\"text-align: justify;\"><strong>Diretor Comercial:<\/strong>\u00a0Cezar Telles<\/p>\n<p style=\"text-align: justify;\"><strong>Diretor Jur\u00eddico:<\/strong>\u00a0M\u00e1rcio Luiz Martins<\/p>\n<p style=\"text-align: justify;\"><strong>Diretor Institucional:<\/strong>\u00a0Il\u00eddio Coelho Sobrinho<\/p>\n<p style=\"text-align: justify;\"><strong>Diretor T\u00e9cnico:<\/strong>\u00a0Roberto Lang<\/p>\n<p style=\"text-align: justify;\"><strong>Diretor de Comunica\u00e7\u00e3o:<\/strong>\u00a0Carlos Henrique Agustini<\/p>\n<p style=\"text-align: justify;\"><strong>Diretor de Televis\u00e3o:<\/strong>\u00a0Leonardo Petrelli<\/p>\n<p style=\"text-align: justify;\"><strong>Diretor Regional Capital-Litoral:<\/strong>\u00a0Mariano Lemanski<\/p>\n<p style=\"text-align: justify;\"><strong>Suplente:<\/strong>\u00a0Augusto S. Gon\u00e7alves Oliveira<\/p>\n<p style=\"text-align: justify;\"><strong>Diretor Regional Sudoeste:<\/strong>\u00a0Adir Seleski<\/p>\n<p style=\"text-align: justify;\"><strong>Suplente:<\/strong>\u00a0Giovanni Pagnocelli<\/p>\n<p style=\"text-align: justify;\"><strong>Diretor Regional Oeste:<\/strong>\u00a0Cristiano Krames<\/p>\n<p style=\"text-align: justify;\"><strong>Suplente:<\/strong>\u00a0Moacir Jos\u00e9 Hanzen<\/p>\n<p style=\"text-align: justify;\"><strong>Diretor Regional Centro Sul:<\/strong>\u00a0Ivaldir Perachi<\/p>\n<p style=\"text-align: justify;\"><strong>Suplente:<\/strong>\u00a0Melanie Lisboa Triches<\/p>\n<p style=\"text-align: justify;\"><strong>Diretor Regional Norte:<\/strong>\u00a0Jo\u00e3o Miguel Ign\u00e1cio<\/p>\n<p style=\"text-align: justify;\"><strong>Suplente:<\/strong>\u00a0Andr\u00e9 Gustavo de Souza Faria<\/p>\n<p style=\"text-align: justify;\"><strong>Diretor Regional Noroeste:<\/strong>\u00a0Walber Souza Guimar\u00e3es Junior<\/p>\n<p style=\"text-align: justify;\"><strong>Suplente:<\/strong>\u00a0Clermont D\u00b4\u00c1vila Sobrinho<\/p>\n<p style=\"text-align: justify;\"><strong>Conselho Fiscal:<\/strong><\/p>\n<p style=\"text-align: justify;\">Fl\u00e1vio Guellere Junior, Alexandre Marques Guimar\u00e3es, Jo\u00e3o Garcia, Renato Silva, Eloi Bonkoski e Helena Miyoko Miura da Costa.<\/p>\n<p style=\"text-align: justify;\">Fonte: AERP.<\/p>\n","protected":false},"excerpt":{"rendered":"<p>Diretoria executiva e conselho fiscal eleitos hoje conduzir\u00e3o a entidade&hellip;<\/p>\n<p> <a class=\"more-link\" href=\"https:\/\/sertsc.org.br\/site\/aerp-elege-nova-diretoria\/\">Leia mais<\/a><\/p>\n","protected":false},"author":1,"featured_media":6244,"comment_status":"closed","ping_status":"open","sticky":false,"template":"","format":"standard","meta":{"footnotes":""},"categories":[3],"tags":[],"class_list":{"0":"post-6243","1":"post","2":"type-post","3":"status-publish","4":"format-standard","5":"has-post-thumbnail","7":"category-noticias"},"_links":{"self":[{"href":"https:\/\/sertsc.org.br\/site\/wp-json\/wp\/v2\/posts\/6243","targetHints":{"allow":["GET"]}}],"collection":[{"href":"https:\/\/sertsc.org.br\/site\/wp-json\/wp\/v2\/posts"}],"about":[{"href":"https:\/\/sertsc.org.br\/site\/wp-json\/wp\/v2\/types\/post"}],"author":[{"embeddable":true,"href":"https:\/\/sertsc.org.br\/site\/wp-json\/wp\/v2\/users\/1"}],"replies":[{"embeddable":true,"href":"https:\/\/sertsc.org.br\/site\/wp-json\/wp\/v2\/comments?post=6243"}],"version-history":[{"count":0,"href":"https:\/\/sertsc.org.br\/site\/wp-json\/wp\/v2\/posts\/6243\/revisions"}],"wp:featuredmedia":[{"embeddable":true,"href":"https:\/\/sertsc.org.br\/site\/wp-json\/"}],"wp:attachment":[{"href":"https:\/\/sertsc.org.br\/site\/wp-json\/wp\/v2\/media?parent=6243"}],"wp:term":[{"taxonomy":"category","embeddable":true,"href":"https:\/\/sertsc.org.br\/site\/wp-json\/wp\/v2\/categories?post=6243"},{"taxonomy":"post_tag","embeddable":true,"href":"https:\/\/sertsc.org.br\/site\/wp-json\/wp\/v2\/tags?post=6243"}],"curies":[{"name":"wp","href":"https:\/\/api.w.org\/{rel}","templated":true}]}}