{"id":6232,"date":"2017-11-21T11:00:05","date_gmt":"2017-11-21T13:00:05","guid":{"rendered":"http:\/\/www.sertsc.org.br\/site\/?p=6232"},"modified":"2017-11-21T11:00:05","modified_gmt":"2017-11-21T13:00:05","slug":"6o-seminario-do-sertsc-aborda-busca-por-novos-resultados-na-radiodifusao","status":"publish","type":"post","link":"https:\/\/sertsc.org.br\/site\/6o-seminario-do-sertsc-aborda-busca-por-novos-resultados-na-radiodifusao\/","title":{"rendered":"6\u00ba Semin\u00e1rio do SERT\/SC aborda a busca por novos resultados na radiodifus\u00e3o"},"content":{"rendered":"<p style=\"text-align: justify;\">O <strong>Sindicato das Empresas de R\u00e1dio e Televis\u00e3o do Estado de Santa Catarina \u2013 SERT\/SC<\/strong> realizou neste domingo, 19, a abertura do 6\u00ba Semin\u00e1rio, que teve como tema \u201cConverg\u00eancia e Resultado na Radiodifus\u00e3o\u201d.<\/p>\n<p style=\"text-align: justify;\">O presidente do Sindicato Carlos Alberto Ross recebeu os mais de 150 participantes, entre radiodifusores e empres\u00e1rios catarinenses. Dentre as autoridades presentes estavam o gerente regional da Anatel, Eng. Estev\u00e3o Hobold; Ary Cauduro dos Santos, presidente do Sindicato das Empresas de R\u00e1dio e Televis\u00e3o do Estado do Rio Grande do Sul (Sindir\u00e1dio) que tamb\u00e9m estava representando o presidente da Federa\u00e7\u00e3o Nacional das Empresas de R\u00e1dio e Televis\u00e3o (FENAERT), Guliver Le\u00e3o; a vice-presidente da Associa\u00e7\u00e3o Brasileira de Emissoras de R\u00e1dio e Televis\u00e3o (ABERT), Marise Westphal Hartketamb\u00e9m estava representando o presidente da ABERT, Paulo Tonet Camargo;\u00a0Ranieri Bertoli, Conselheiro do Conselho de Comunica\u00e7\u00e3o Social do Congresso Nacional, e representando o presidente da Associa\u00e7\u00e3o Catarinense das Empresas de R\u00e1dio e Televis\u00e3o (ACAERT), Marcello Corr\u00eaa Petrelli, e Evel\u00e1sio Paulo Vieira, um dos fundadores do SERT\/SC. O governador do Estado, Raimundo Colombo n\u00e3o pode comparecer, mas, enviou um v\u00eddeo parabenizando todos os radiodifusores catarinenses pela excelente atua\u00e7\u00e3o do setor. Al\u00e9m da presen\u00e7a da diretoria da entidade.<\/p>\n<p style=\"text-align: justify;\">A solenidade de abertura foi marcada por homenagem \u00e0\u00a0<a name=\"m_-3876880300184952077__GoBack\"><\/a>fam\u00edlia de Ramiro Greg\u00f3rio da Silva,\u00a0um dos fundadores do SERT\/SC, entrega do pin de identifica\u00e7\u00e3o \u00e0 diretoria, apresenta\u00e7\u00e3o do grupo Voice In e finalizando com um jantar de confraterniza\u00e7\u00e3o.<\/p>\n<p style=\"text-align: justify;\">Na segunda-feira, 20, come\u00e7ou \u00e0s 9h, com a palestra do Eng\u00ba Cl\u00e1udio Lorini, abordando assuntos relacionados ao Sistema Mosaico Anatel, a Migra\u00e7\u00e3o AM \u2013 FM e algumas orienta\u00e7\u00f5es t\u00e9cnicas necess\u00e1rias.<\/p>\n<p style=\"text-align: justify;\">Lorini refor\u00e7ou a import\u00e2ncia de manter os dados atualizados nos sistemas da ANATEL, principalmente para as emissoras que est\u00e3o em processo de migra\u00e7\u00e3o, uma vez que, o processo \u00e9 extenso e demorado.<\/p>\n<p style=\"text-align: justify;\">Em seguida, subiu ao palco a CEO da Cadena, Carolina Sasse, mostrando os desafios de aumentar o faturamento com site e aplicativo, afinal, as novas m\u00eddias s\u00e3o aliadas das m\u00eddias tradicionais e n\u00e3o concorrentes.<\/p>\n<p style=\"text-align: justify;\">Para finalizar, a gerente comercial da R\u00e1dio Fan\u00e1tica FM, do Rio de Janeiro, Patr\u00edcia Fragoso, lembrou o quanto \u00e9 importante integrar todos os setores de uma emissora para que os projetos funcionem corretamente, aliando o setor de vendas, com marketing e at\u00e9 em alguns casos, fazendo parceria com emissoras que tenham abrang\u00eancia em outra \u2018pra\u00e7a\u2019. A criatividade \u00e9 essencial na hora de criar uma estrat\u00e9gia.<\/p>\n<p style=\"text-align: justify;\">O evento foi transmitido ao vivo atrav\u00e9s da p\u00e1gina do Facebook do SERT\/SC, obtendo mais de 3 mil visualiza\u00e7\u00f5es.<\/p>\n<p><a data-flickr-embed='true' href='https:\/\/www.flickr.com\/photos\/sert2011\/albums\/72157662861480068' title='6\u00ba Semin\u00e1rio do SERT\/SC by SERT\/SC - Sindicato Patronal de Radiodifus\u00e3o, on Flickr'><img src='https:\/\/live.staticflickr.com\/4536\/38529771692_1375cd0e94_c.jpg' width='800' height='600' alt='IMG_1979'><\/a><script async src='https:\/\/embedr.flickr.com\/assets\/client-code.js' charset='utf-8'><\/script><\/p>\n<p><strong>Mais informa\u00e7\u00f5es \u00e0 imprensa:<\/strong><br \/>\nAssessoria de Comunica\u00e7\u00e3o \u2013 SERT\/SC<br \/>\nFone: (48) 3225-2122<\/p>\n<p><a href=\"http:\/\/www.sertsc.org.br\/site\/\">http:\/\/www.sertsc.org.br\/site\/<\/a><\/p>\n<p><a href=\"mailto:sert@sertsc.org.br\">sert@sertsc.org.br<\/a><\/p>\n<p><a href=\"http:\/\/www.facebook.com\/sertsc\">www.facebook.com\/sertsc<\/a><\/p>\n","protected":false},"excerpt":{"rendered":"<p>O Sindicato das Empresas de R\u00e1dio e Televis\u00e3o do Estado&hellip;<\/p>\n<p> <a class=\"more-link\" href=\"https:\/\/sertsc.org.br\/site\/6o-seminario-do-sertsc-aborda-busca-por-novos-resultados-na-radiodifusao\/\">Leia mais<\/a><\/p>\n","protected":false},"author":1,"featured_media":6240,"comment_status":"closed","ping_status":"open","sticky":false,"template":"","format":"standard","meta":{"footnotes":""},"categories":[33],"tags":[67,50,70,65,51,62,43,52,63,66,64,71,53,54,46,60,47,56,61,58,69,59],"class_list":{"0":"post-6232","1":"post","2":"type-post","3":"status-publish","4":"format-standard","5":"has-post-thumbnail","7":"category-destaques","8":"tag-capacitacao","9":"tag-emissoras-de-radio","10":"tag-emissoras-de-radio-e-tv","11":"tag-emissoras-de-tv","12":"tag-encontro-regional","13":"tag-gestao","14":"tag-mctic","15":"tag-migracao-am-fm","16":"tag-planejamento-estrategico","17":"tag-radio-e-tv","18":"tag-redes-sociais","19":"tag-reforma-trabalhista","20":"tag-representante-patronal","21":"tag-santa-catarina","22":"tag-sc","23":"tag-seminarios","24":"tag-sertsc","25":"tag-sindicato-patronal","26":"tag-televisao","27":"tag-tv","28":"tag-tv-aberta","29":"tag-tv-digital"},"_links":{"self":[{"href":"https:\/\/sertsc.org.br\/site\/wp-json\/wp\/v2\/posts\/6232","targetHints":{"allow":["GET"]}}],"collection":[{"href":"https:\/\/sertsc.org.br\/site\/wp-json\/wp\/v2\/posts"}],"about":[{"href":"https:\/\/sertsc.org.br\/site\/wp-json\/wp\/v2\/types\/post"}],"author":[{"embeddable":true,"href":"https:\/\/sertsc.org.br\/site\/wp-json\/wp\/v2\/users\/1"}],"replies":[{"embeddable":true,"href":"https:\/\/sertsc.org.br\/site\/wp-json\/wp\/v2\/comments?post=6232"}],"version-history":[{"count":0,"href":"https:\/\/sertsc.org.br\/site\/wp-json\/wp\/v2\/posts\/6232\/revisions"}],"wp:featuredmedia":[{"embeddable":true,"href":"https:\/\/sertsc.org.br\/site\/wp-json\/"}],"wp:attachment":[{"href":"https:\/\/sertsc.org.br\/site\/wp-json\/wp\/v2\/media?parent=6232"}],"wp:term":[{"taxonomy":"category","embeddable":true,"href":"https:\/\/sertsc.org.br\/site\/wp-json\/wp\/v2\/categories?post=6232"},{"taxonomy":"post_tag","embeddable":true,"href":"https:\/\/sertsc.org.br\/site\/wp-json\/wp\/v2\/tags?post=6232"}],"curies":[{"name":"wp","href":"https:\/\/api.w.org\/{rel}","templated":true}]}}