{"id":6222,"date":"2017-11-17T15:15:47","date_gmt":"2017-11-17T17:15:47","guid":{"rendered":"http:\/\/www.sertsc.org.br\/site\/?p=6222"},"modified":"2017-11-17T15:15:47","modified_gmt":"2017-11-17T17:15:47","slug":"fiesc-entrega-premio-de-jornalismo-nesta-sexta-17","status":"publish","type":"post","link":"https:\/\/sertsc.org.br\/site\/fiesc-entrega-premio-de-jornalismo-nesta-sexta-17\/","title":{"rendered":"FIESC ENTREGA PR\u00caMIO DE JORNALISMO NESTA SEXTA (17)"},"content":{"rendered":"<p style=\"text-align: justify;\">A Federa\u00e7\u00e3o das Ind\u00fastrias de Santa Catarina (FIESC) entregou na manh\u00e3 desta sexta-feira (17) o Pr\u00eamio FIESC de Jornalismo 2017. Criado em 1988, o concurso reconhece trabalhos da imprensa que tratam de temas relevantes da economia industrial de Santa Catarina. A entrega foi feita durante reuni\u00e3o de Diretoria da entidade. Em cada uma das tr\u00eas categorias \u2013 texto, \u00e1udio e v\u00eddeo \u2013, o trabalho vencedor recebe R$ 20 mil; o segundo colocado, R$ 3,5 mil e o terceiro, R$ 1,5 mil.<\/p>\n<p style=\"text-align: justify;\">Confira, abaixo, os vencedores em cada categoria:<\/p>\n<p style=\"text-align: justify;\"><strong>CATEGORIA V\u00cdDEO<\/strong><\/p>\n<p style=\"text-align: justify;\">1) Paulo Mueller, Carolina Arana Castro, Caroline Oliveira, Lucas Vinicius Rezende, Valdir Martinho de Andrade Filho e Marcelo Feble Flores, da\u00a0<strong>RIC Record<\/strong>, com o trabalho \u201cO peso dos impostos\u201d;<\/p>\n<p style=\"text-align: justify;\">2) Aline Ara\u00fajo Gon\u00e7alves, da\u00a0<strong>Unisul TV<\/strong>, com a reportagem \u201cDiagn\u00f3stico subcl\u00ednico no campo\u201d;<\/p>\n<p style=\"text-align: justify;\">3) Pedro Rockenbach, Talita Rosa, Carine Silva, Leandro Carbone, Fabiano Souza, Jos\u00e9 Carlos Ara\u00fajo, Gregori Flauzino e Thiago Kaue, da\u00a0<strong>NSC TV<\/strong>, com produ\u00e7\u00e3o \u201cFuma\u00e7a do Crime\u201d.<\/p>\n<p style=\"text-align: justify;\">\n<strong>CATEGORIA \u00c1UDIO<\/strong><\/p>\n<p style=\"text-align: justify;\">1) Marcelo Santos, da r\u00e1dio\u00a0<strong>Catarinense<\/strong>, de Joa\u00e7aba, com o trabalho \u201cO ouro branco que alimenta a economia de Santa Catarina\u201d;<\/p>\n<p style=\"text-align: justify;\">2) Marcos Andrei Meller, da r\u00e1dio\u00a0<strong>Peperi<\/strong>, de S\u00e3o Miguel do Oeste, com a reportagem \u201cMicroexportadores: os pequenos de olho nos grandes mercados\u201d.<\/p>\n<p style=\"text-align: justify;\">3) Evel\u00e1sio Vieira Neto, Tamara Caroline Schweder, Nathan Northon Neumann e Nathalia Heidorn, da r\u00e1dio\u00a0<strong>Clube<\/strong>\u00a0<strong>de Blumenau<\/strong>, com a reportagem \u201cQualidade de vida como diferencial estrat\u00e9gico para a ind\u00fastria\u201d;<\/p>\n<p style=\"text-align: justify;\">\n<strong>CATEGORIA TEXTO<\/strong><\/p>\n<p style=\"text-align: justify;\">1) Larissa Linder, Estela Benetti, Pedro Machado, Julia Pedrozo Pitthan, Ricardo Wolffenbuttel, Karina Silveira, Lucas Correia e Marco F\u00e1vero, do\u00a0<strong>Di\u00e1rio Catarinense<\/strong>, de Florian\u00f3pollis,\u00a0 com o trabalho \u201cA chave da efici\u00eancia\u201d;<\/p>\n<p>2) Jean Carlos Balbinotti, Luan Gustavo Martendal, Maykon Lammerhirt, Salmo Duarte, Juliano de Souza e Robson Br\u00fcning, do jornal\u00a0<strong>A Not\u00edcia<\/strong>, de Joinville, com a reportagem \u201cA ind\u00fastria na Joinville do amanh\u00e3\u201d;<\/p>\n<p style=\"text-align: justify;\">3) Paulo Cl\u00f3vis Schmitz, do jornal\u00a0<strong>Not\u00edcias do Dia<\/strong>, de Florian\u00f3polis, com a s\u00e9rie &#8220;Log\u00edstica em Santa Catarina&#8221;.<\/p>\n<p style=\"text-align: justify;\">Realizado pela FIESC e pela Associa\u00e7\u00e3o Catarinense de Imprensa (ACI), o pr\u00eamio tem o apoio do Sindicato dos Jornalistas de Santa Catarina (SJSC), Associa\u00e7\u00e3o Catarinense de Emissoras de R\u00e1dio e Televis\u00e3o (ACAERT), Associa\u00e7\u00e3o dos Di\u00e1rios do Interior (ADI\/SC), Associa\u00e7\u00e3o dos Jornais do Interior de Santa Catarina (ADJORI\/SC), Sindicato das Empresas Propriet\u00e1rias de Jornais e Revistas do Estado de Santa Catarina (SINDEJOR\/SC) e Sindicato das Empresas de R\u00e1dio e Televis\u00e3o do Estado de Santa Catarina (SERT\/SC).<\/p>\n<p style=\"text-align: justify;\">A comiss\u00e3o julgadora que avaliou os trabalhos da edi\u00e7\u00e3o 2017 do Pr\u00eamio FIESC de Jornalismo foi composta por Evandro M\u00fcller de Castro (representante da ind\u00fastria), Andrea Leonora (ADI), Bianca Backes (ADJORI), Rog\u00e9rio Kiefer (ACI), Marco Aur\u00e9lio Gomes (ACAERT), Leslie Chaves (Sindicato dos Jornalistas), Alfredo Piotrovski (representante da ind\u00fastria), Lucia Helena Vieira (ACI), Fl\u00e1vio Lopes Perfeito (CORECON), Hugo Ferreira (representante da ind\u00fastria), Marcos Bedin (ACI), Ingrid Pereira Assis (Sindicato dos Jornalistas) e pelos professores H\u00e9lio Ademar Schuch, Billy Culleton e C\u00e1rlida Emerim.<\/p>\n<p class=\"font-11\" style=\"text-align: justify;\">Fonte: FIESC.<\/p>\n","protected":false},"excerpt":{"rendered":"<p>A Federa\u00e7\u00e3o das Ind\u00fastrias de Santa Catarina (FIESC) entregou na&hellip;<\/p>\n<p> <a class=\"more-link\" href=\"https:\/\/sertsc.org.br\/site\/fiesc-entrega-premio-de-jornalismo-nesta-sexta-17\/\">Leia mais<\/a><\/p>\n","protected":false},"author":1,"featured_media":6062,"comment_status":"closed","ping_status":"open","sticky":false,"template":"","format":"standard","meta":{"footnotes":""},"categories":[3],"tags":[67,50,70,65,51,62,43,52,63,66,64,71,53,54,46,60,47,56,61,58,69,59],"class_list":{"0":"post-6222","1":"post","2":"type-post","3":"status-publish","4":"format-standard","5":"has-post-thumbnail","7":"category-noticias","8":"tag-capacitacao","9":"tag-emissoras-de-radio","10":"tag-emissoras-de-radio-e-tv","11":"tag-emissoras-de-tv","12":"tag-encontro-regional","13":"tag-gestao","14":"tag-mctic","15":"tag-migracao-am-fm","16":"tag-planejamento-estrategico","17":"tag-radio-e-tv","18":"tag-redes-sociais","19":"tag-reforma-trabalhista","20":"tag-representante-patronal","21":"tag-santa-catarina","22":"tag-sc","23":"tag-seminarios","24":"tag-sertsc","25":"tag-sindicato-patronal","26":"tag-televisao","27":"tag-tv","28":"tag-tv-aberta","29":"tag-tv-digital"},"_links":{"self":[{"href":"https:\/\/sertsc.org.br\/site\/wp-json\/wp\/v2\/posts\/6222","targetHints":{"allow":["GET"]}}],"collection":[{"href":"https:\/\/sertsc.org.br\/site\/wp-json\/wp\/v2\/posts"}],"about":[{"href":"https:\/\/sertsc.org.br\/site\/wp-json\/wp\/v2\/types\/post"}],"author":[{"embeddable":true,"href":"https:\/\/sertsc.org.br\/site\/wp-json\/wp\/v2\/users\/1"}],"replies":[{"embeddable":true,"href":"https:\/\/sertsc.org.br\/site\/wp-json\/wp\/v2\/comments?post=6222"}],"version-history":[{"count":0,"href":"https:\/\/sertsc.org.br\/site\/wp-json\/wp\/v2\/posts\/6222\/revisions"}],"wp:featuredmedia":[{"embeddable":true,"href":"https:\/\/sertsc.org.br\/site\/wp-json\/"}],"wp:attachment":[{"href":"https:\/\/sertsc.org.br\/site\/wp-json\/wp\/v2\/media?parent=6222"}],"wp:term":[{"taxonomy":"category","embeddable":true,"href":"https:\/\/sertsc.org.br\/site\/wp-json\/wp\/v2\/categories?post=6222"},{"taxonomy":"post_tag","embeddable":true,"href":"https:\/\/sertsc.org.br\/site\/wp-json\/wp\/v2\/tags?post=6222"}],"curies":[{"name":"wp","href":"https:\/\/api.w.org\/{rel}","templated":true}]}}