{"id":6214,"date":"2017-11-17T08:14:23","date_gmt":"2017-11-17T10:14:23","guid":{"rendered":"http:\/\/www.sertsc.org.br\/site\/?p=6214"},"modified":"2017-11-17T08:14:23","modified_gmt":"2017-11-17T10:14:23","slug":"mais-duas-emissoras-de-sc-assinam-migracao-am-fm","status":"publish","type":"post","link":"https:\/\/sertsc.org.br\/site\/mais-duas-emissoras-de-sc-assinam-migracao-am-fm\/","title":{"rendered":"Mais duas emissoras de SC assinam a Migra\u00e7\u00e3o AM \u2013 FM"},"content":{"rendered":"<p class=\"font-16\" style=\"text-align: justify;\">A r\u00e1dio Ca\u00e7anjur\u00ea, de Ca\u00e7ador, e a Difusora, de Imbituba, participam do \u00faltimo Mutir\u00e3o da Migra\u00e7\u00e3o de 2017, programado para 1\u00ba de dezembro<\/p>\n<p style=\"text-align: justify;\">Duas emissoras de Santa Catarina assinam os termos de adapta\u00e7\u00e3o de outorga da Migra\u00e7\u00e3o AM \u2013 FM ainda este ano (<a href=\"http:\/\/www.acaert.com.br\/app\/webroot\/files\/ckeditor\/files\/Panorama%20Assinatura%20DEZ%20-%202017-%20Migra%C3%A7%C3%A3o-%20%284%29.xlsx\">rela\u00e7\u00e3o completa<\/a>). A\u00a0<strong>r\u00e1dio Ca\u00e7anjur\u00ea<\/strong>,\u00a0<strong>de Ca\u00e7ador<\/strong>, e a\u00a0<strong>r\u00e1dio Difusora<\/strong>,\u00a0<strong>de Imbituba<\/strong>, participam junto com outros 30 emissoras do \u00faltimo mutir\u00e3o da migra\u00e7\u00e3o de 2017, programado para 1\u00ba de dezembro. A solenidade acontecer\u00e1 no Minist\u00e9rio das Comunica\u00e7\u00f5es, em Bras\u00edlia.<\/p>\n<p style=\"text-align: justify;\">O ministro da Ci\u00eancia, Tecnologia, Inova\u00e7\u00f5es e Comunica\u00e7\u00f5es, Gilberto Kassab, est\u00e1 confirmado no evento.<\/p>\n<p style=\"text-align: justify;\">O mutir\u00e3o teve in\u00edcio por Santa Catarina (<strong><a href=\"http:\/\/acaert.com.br\/mutirao-da-migracao-ministro-gilberto-kassab-assina-termo-aditivo-em-florianopolis-sc-e-o-primeiro-estado-da-caravana#.Wg3v0FtSzIU\">relembre aqui<\/a><\/strong>) e j\u00e1 passou pela Bahia, Rio Grande do Sul, Par\u00e1, Paran\u00e1, Minas Gerais, Goi\u00e1s, Tocantins, S\u00e3o Paulo, Para\u00edba, Mato Grosso e Mato Grosso do Sul. At\u00e9 o momento, mais de 500 emissoras de r\u00e1dio j\u00e1 assinaram o contrato para a nova outorga.<\/p>\n<p style=\"text-align: justify;\">STATUS DA MIGRA\u00c7\u00c3O EM\u00a0SC<\/p>\n<p style=\"text-align: justify;\">Com a inclus\u00e3o dessas duas novas emissoras, sobre para 20 o n\u00famero de emissoras catarinenses que j\u00e1 assinaram o termo aditivo e est\u00e3o em processo de Migra\u00e7\u00e3o AM \u2013 FM. Destacando ainda que Santa Catarina j\u00e1 totaliza 22 novas FM\u2019s que completaram a Migra\u00e7\u00e3o. \u00a0(saiba mais\u00a0<strong><a href=\"http:\/\/acaert.com.br\/status-da-migracao-santa-catarina-totaliza-22-novas-fm-s#.Wg3u11tSzIU\">AQUI<\/a><\/strong>)<\/p>\n<p style=\"text-align: justify;\">As emissoras que migraram para FM t\u00eam 180 dias para devolver o canal AM. Das 1.781 emissoras de r\u00e1dio AM existentes no pa\u00eds, 1.440 solicitaram a mudan\u00e7a e 1.006 j\u00e1 foram contempladas com o canal na faixa de FM. As outras emissoras ir\u00e3o migrar ap\u00f3s o desligamento da TV anal\u00f3gica, quando ser\u00e3o liberadas as faixas 5 e 6, hoje ocupadas pelas TVs.<\/p>\n<p class=\"font-11\" style=\"text-align: justify;\">Fonte: ACAERT com informa\u00e7\u00f5es da ABERT<\/p>\n","protected":false},"excerpt":{"rendered":"<p>A r\u00e1dio Ca\u00e7anjur\u00ea, de Ca\u00e7ador, e a Difusora, de Imbituba,&hellip;<\/p>\n<p> <a class=\"more-link\" href=\"https:\/\/sertsc.org.br\/site\/mais-duas-emissoras-de-sc-assinam-migracao-am-fm\/\">Leia mais<\/a><\/p>\n","protected":false},"author":1,"featured_media":6215,"comment_status":"closed","ping_status":"open","sticky":false,"template":"","format":"standard","meta":{"footnotes":""},"categories":[3],"tags":[67,50,70,65,51,62,43,52,63,66,64,71,53,54,46,60,47,56,61,58,69,59],"class_list":{"0":"post-6214","1":"post","2":"type-post","3":"status-publish","4":"format-standard","5":"has-post-thumbnail","7":"category-noticias","8":"tag-capacitacao","9":"tag-emissoras-de-radio","10":"tag-emissoras-de-radio-e-tv","11":"tag-emissoras-de-tv","12":"tag-encontro-regional","13":"tag-gestao","14":"tag-mctic","15":"tag-migracao-am-fm","16":"tag-planejamento-estrategico","17":"tag-radio-e-tv","18":"tag-redes-sociais","19":"tag-reforma-trabalhista","20":"tag-representante-patronal","21":"tag-santa-catarina","22":"tag-sc","23":"tag-seminarios","24":"tag-sertsc","25":"tag-sindicato-patronal","26":"tag-televisao","27":"tag-tv","28":"tag-tv-aberta","29":"tag-tv-digital"},"_links":{"self":[{"href":"https:\/\/sertsc.org.br\/site\/wp-json\/wp\/v2\/posts\/6214","targetHints":{"allow":["GET"]}}],"collection":[{"href":"https:\/\/sertsc.org.br\/site\/wp-json\/wp\/v2\/posts"}],"about":[{"href":"https:\/\/sertsc.org.br\/site\/wp-json\/wp\/v2\/types\/post"}],"author":[{"embeddable":true,"href":"https:\/\/sertsc.org.br\/site\/wp-json\/wp\/v2\/users\/1"}],"replies":[{"embeddable":true,"href":"https:\/\/sertsc.org.br\/site\/wp-json\/wp\/v2\/comments?post=6214"}],"version-history":[{"count":0,"href":"https:\/\/sertsc.org.br\/site\/wp-json\/wp\/v2\/posts\/6214\/revisions"}],"wp:featuredmedia":[{"embeddable":true,"href":"https:\/\/sertsc.org.br\/site\/wp-json\/"}],"wp:attachment":[{"href":"https:\/\/sertsc.org.br\/site\/wp-json\/wp\/v2\/media?parent=6214"}],"wp:term":[{"taxonomy":"category","embeddable":true,"href":"https:\/\/sertsc.org.br\/site\/wp-json\/wp\/v2\/categories?post=6214"},{"taxonomy":"post_tag","embeddable":true,"href":"https:\/\/sertsc.org.br\/site\/wp-json\/wp\/v2\/tags?post=6214"}],"curies":[{"name":"wp","href":"https:\/\/api.w.org\/{rel}","templated":true}]}}