{"id":6207,"date":"2017-11-16T10:19:14","date_gmt":"2017-11-16T12:19:14","guid":{"rendered":"http:\/\/www.sertsc.org.br\/site\/?p=6207"},"modified":"2017-11-16T10:19:14","modified_gmt":"2017-11-16T12:19:14","slug":"seja-digital-oferece-curso-gratuito-de-instalador-de-conversor-e-antena-digital","status":"publish","type":"post","link":"https:\/\/sertsc.org.br\/site\/seja-digital-oferece-curso-gratuito-de-instalador-de-conversor-e-antena-digital\/","title":{"rendered":"Seja Digital oferece curso gratuito de instalador de conversor e antena digital"},"content":{"rendered":"<p style=\"text-align: justify;\">A Seja Digital, entidade respons\u00e1vel pela opera\u00e7\u00e3o do processo de migra\u00e7\u00e3o do sinal de TV no Brasil, em parceria com o SENAI-SC, est\u00e1 oferecendo 220 vagas de capacita\u00e7\u00e3o para formar profissionais aptos a realizar os servi\u00e7os de instala\u00e7\u00e3o de conversores e antenas digitais na Grande Florian\u00f3polis.<\/p>\n<p>A iniciativa pretende atender a demanda gerada pelo desligamento do sinal anal\u00f3gico de TV, previsto para ocorrer em 31 de janeiro de 2018 nas cidades de Florian\u00f3polis, Bigua\u00e7u, Palho\u00e7a,\u00a0 Paulo Lopes e S\u00e3o Jos\u00e9. Ap\u00f3s essa data, somente quem estiver preparado para receber o sinal digital continuar\u00e1 assistindo \u00e0 televis\u00e3o e, por esse motivo, \u00e9 fundamental que todas as resid\u00eancias estejam preparadas.<\/p>\n<p>Para realizar o curso, os candidatos devem ter no m\u00ednimo 16 anos (menores de 18 anos dever\u00e3o estar acompanhados de um respons\u00e1vel legal), ensino fundamental completo e residirem nas cidades onde o curso ser\u00e1 realizado. As inscri\u00e7\u00f5es j\u00e1 podem ser feitas\u00a0<a href=\"http:\/\/cursodeantenistassejadigital.wordpress.com\/\" target=\"_blank\" rel=\"noopener noreferrer\">aqui\u00a0<\/a>acessando inscri\u00e7\u00f5es e resultados, na se\u00e7\u00e3o Seja Digital. Os pr\u00e9-aprovados devem procurar uma das institui\u00e7\u00f5es parceiras e preencher a ficha cadastral. As aulas ter\u00e3o in\u00edcio j\u00e1 no pr\u00f3ximo dia 27 de novembro.<\/p>\n<p>As aulas, ministradas pelo SENAI, ter\u00e3o 16 horas de dura\u00e7\u00e3o, sendo te\u00f3ricas e pr\u00e1ticas, em per\u00edodo vespertino. Para ter direito a certifica\u00e7\u00e3o de antenista, o aluno dever\u00e1 ter frequ\u00eancia igual ou superior \u00e0 75% e obter aproveitamento satisfat\u00f3rio com nota igual ou superior a 7,0. Todos os participantes receber\u00e3o vale transporte, lanche e equipamentos para o uso durante as aulas pr\u00e1ticas. Ao final do curso, cada participante receber\u00e1 gratuitamente um kit com ferramentas de instala\u00e7\u00e3o e poder\u00e1 ser sorteado com um dos 20 kits de conversor e antena.<\/p>\n<p><b>Locais e datas dos cursos:<\/b><\/p>\n<p>Turma 1 &#8211; Florian\u00f3polis &#8211; Centro<br \/>\nDe 27, 28, 30 de novembro e 01 de dezembro \u2013 Das 8h \u00e0s 12h<br \/>\nEndere\u00e7o: FUNDA\u00c7\u00c3O VIDAL RAMOS &#8211; Rua V\u00edtor Konder, 321 \u2013 Centro \u2013 Florian\u00f3polis-SC.<\/p>\n<p>Turma 2 &#8211; Florian\u00f3polis &#8211; Morro do Hor\u00e1cio<br \/>\n27, 28, 30 de novembro e 1 de dezembro \u2013 Das 13h30 \u00e0s 17h30<br \/>\nEndere\u00e7o: SENAI Florian\u00f3polis &#8211; Rodovia SC 401, 3730 &#8211; Saco Grande \u2013 Florian\u00f3polis-SC.<\/p>\n<p>Turma 3 &#8211; Florian\u00f3polis &#8211; Jardim Atl\u00e2ntico<br \/>\nDe 28 a 01 de dezembro \u2013 Das 8h \u00e0s 12h<br \/>\nEndere\u00e7o: SESI &#8211; Rua Farroupilha, 150 \u2013 Campinas, S\u00e3o Jos\u00e9-SC.<\/p>\n<p>Turma 4 &#8211; S\u00e3o Jos\u00e9 &#8211; Serraria<br \/>\nDe 04 a 07 de dezembro \u2013 Das 8h \u00e0s 12h<br \/>\nEndere\u00e7o: SENAI S\u00e3o Jos\u00e9 &#8211; Rodovia BR 101, km 211, s\/n &#8211; \u00c1rea Industrial \u2013 S\u00e3o Jos\u00e9-SC.<\/p>\n<p>Turma 5 &#8211; S\u00e3o Jos\u00e9 &#8211; Forquilhinhas<br \/>\nDe 04 a 07 de dezembro \u2013 Das 13h30 \u00e0s 17h30<br \/>\nEndere\u00e7o: SENAI S\u00e3o Jos\u00e9 &#8211; Rodovia BR 101, km 211, s\/n &#8211; \u00c1rea Industrial \u2013 S\u00e3o Jos\u00e9-SC.<\/p>\n<p>Turma 6 &#8211; Florian\u00f3polis &#8211; Tapera<br \/>\nDe 05 a 08 de dezembro \u2013 Das 13h30 \u00e0s 17h30<br \/>\nEndere\u00e7o: SENAI Florian\u00f3polis &#8211; Rodovia SC 401, 3730 &#8211; Saco Grande &#8211; Florian\u00f3polis-SC.<\/p>\n<p>Turma 7 &#8211; Florian\u00f3polis &#8211; Ingleses<br \/>\nDe 05 a 08 de dezembro \u2013 Das 8h \u00e0s 12h<br \/>\nEndere\u00e7o: SENAI Florian\u00f3polis &#8211; Rodovia SC 401, 3730 &#8211; Saco Grande \u2013 Florian\u00f3polis-SC.<\/p>\n<p>Turma 8 &#8211; Bigua\u00e7u &#8211; Fundos<br \/>\nDe 11 a 14 de dezembro \u2013 Das 8h00 \u00e0s 12h00<br \/>\nEndere\u00e7o: CRAS Rua Jo\u00e3o Martiniano Rodrigues, 240 &#8211; Praia Jo\u00e3o Rosa Bigua\u00e7u-SC.<\/p>\n<p>Turma 9 &#8211; Bigua\u00e7u &#8211; Bom Viver<br \/>\nDe 11 a 14 de dezembro \u2013 Das 13h30 \u00e0s 17h30<br \/>\nEndere\u00e7o: CRAS Rua Jo\u00e3o Martiniano Rodrigues, 240 &#8211; Praia Jo\u00e3o Rosa Bigua\u00e7u-SC.<\/p>\n<p>Turma 10 &#8211; Palho\u00e7a &#8211; Barra do Ariri\u00fa<br \/>\nDe 18 a 21 de dezembro \u2013 Das 8h \u00e0s 12h<br \/>\nEndere\u00e7o: FUNDA\u00c7\u00c3O F\u00c9 E ALEGRIA &#8211; Rua Am\u00e9rico Vesp\u00facio, 350 \u2013 Barra do Ariri\u00fa \u2013 Palho\u00e7a-SC.<\/p>\n<p>Turma 11 &#8211; Palho\u00e7a &#8211; Brejar\u00fa<br \/>\nDe 18 a 21 de dezembro \u2013 Das 13h30 \u00e0s 17h30<br \/>\nEndere\u00e7o: SENAI Palho\u00e7a &#8211; Rua Juacir dos Passos, 18 &#8211; Jardim Eldorado &#8211; Palho\u00e7a-SC.<\/p>\n<p style=\"text-align: justify;\">Fonte: Portal Making Of.<\/p>\n","protected":false},"excerpt":{"rendered":"<p>A Seja Digital, entidade respons\u00e1vel pela opera\u00e7\u00e3o do processo de&hellip;<\/p>\n<p> <a class=\"more-link\" href=\"https:\/\/sertsc.org.br\/site\/seja-digital-oferece-curso-gratuito-de-instalador-de-conversor-e-antena-digital\/\">Leia mais<\/a><\/p>\n","protected":false},"author":1,"featured_media":6091,"comment_status":"closed","ping_status":"open","sticky":false,"template":"","format":"standard","meta":{"footnotes":""},"categories":[3],"tags":[67,50,70,65,51,62,43,52,63,66,64,71,53,54,46,60,47,56,61,58,69,59],"class_list":{"0":"post-6207","1":"post","2":"type-post","3":"status-publish","4":"format-standard","5":"has-post-thumbnail","7":"category-noticias","8":"tag-capacitacao","9":"tag-emissoras-de-radio","10":"tag-emissoras-de-radio-e-tv","11":"tag-emissoras-de-tv","12":"tag-encontro-regional","13":"tag-gestao","14":"tag-mctic","15":"tag-migracao-am-fm","16":"tag-planejamento-estrategico","17":"tag-radio-e-tv","18":"tag-redes-sociais","19":"tag-reforma-trabalhista","20":"tag-representante-patronal","21":"tag-santa-catarina","22":"tag-sc","23":"tag-seminarios","24":"tag-sertsc","25":"tag-sindicato-patronal","26":"tag-televisao","27":"tag-tv","28":"tag-tv-aberta","29":"tag-tv-digital"},"_links":{"self":[{"href":"https:\/\/sertsc.org.br\/site\/wp-json\/wp\/v2\/posts\/6207","targetHints":{"allow":["GET"]}}],"collection":[{"href":"https:\/\/sertsc.org.br\/site\/wp-json\/wp\/v2\/posts"}],"about":[{"href":"https:\/\/sertsc.org.br\/site\/wp-json\/wp\/v2\/types\/post"}],"author":[{"embeddable":true,"href":"https:\/\/sertsc.org.br\/site\/wp-json\/wp\/v2\/users\/1"}],"replies":[{"embeddable":true,"href":"https:\/\/sertsc.org.br\/site\/wp-json\/wp\/v2\/comments?post=6207"}],"version-history":[{"count":0,"href":"https:\/\/sertsc.org.br\/site\/wp-json\/wp\/v2\/posts\/6207\/revisions"}],"wp:featuredmedia":[{"embeddable":true,"href":"https:\/\/sertsc.org.br\/site\/wp-json\/"}],"wp:attachment":[{"href":"https:\/\/sertsc.org.br\/site\/wp-json\/wp\/v2\/media?parent=6207"}],"wp:term":[{"taxonomy":"category","embeddable":true,"href":"https:\/\/sertsc.org.br\/site\/wp-json\/wp\/v2\/categories?post=6207"},{"taxonomy":"post_tag","embeddable":true,"href":"https:\/\/sertsc.org.br\/site\/wp-json\/wp\/v2\/tags?post=6207"}],"curies":[{"name":"wp","href":"https:\/\/api.w.org\/{rel}","templated":true}]}}