{"id":6201,"date":"2017-11-19T09:07:26","date_gmt":"2017-11-19T11:07:26","guid":{"rendered":"http:\/\/www.sertsc.org.br\/site\/?p=6201"},"modified":"2017-11-19T09:07:26","modified_gmt":"2017-11-19T11:07:26","slug":"atencao-declaracao-de-composicao-de-capital-social-2","status":"publish","type":"post","link":"https:\/\/sertsc.org.br\/site\/atencao-declaracao-de-composicao-de-capital-social-2\/","title":{"rendered":"Aten\u00e7\u00e3o: Declara\u00e7\u00e3o de Composi\u00e7\u00e3o de Capital Social"},"content":{"rendered":"<p style=\"font-weight: 400; text-align: justify;\">Prezado filiado, todas as concession\u00e1rias e permission\u00e1rias dos servi\u00e7os de r\u00e1dio e TV dever\u00e3o apresentar ao Minist\u00e9rio das Comunica\u00e7\u00f5es, at\u00e9 o dia\u00a031 de dezembro, a declara\u00e7\u00e3o com a composi\u00e7\u00e3o de capital social.<\/p>\n<p style=\"font-weight: 400; text-align: justify;\">\u00a0As informa\u00e7\u00f5es tem o objetivo de atender ao disposto no artigo 38, al\u00ednea \u201ci\u201d, da Lei n\u00ba 4.117\/62:<\/p>\n<p style=\"font-weight: 400; text-align: justify;\">\u00a0\u201cArt. 38. Nas concess\u00f5es, permiss\u00f5es ou autoriza\u00e7\u00f5es para explorar servi\u00e7os de radiodifus\u00e3o, ser\u00e3o observados, al\u00e9m de outros requisitos, os seguintes preceitos e cl\u00e1usulas:<\/p>\n<p style=\"font-weight: 400; text-align: justify;\">\u00a0(\u2026)<\/p>\n<ol style=\"text-align: justify;\">\n<li style=\"font-weight: 400;\">i) as concession\u00e1rias e permission\u00e1rias de servi\u00e7os de radiodifus\u00e3o dever\u00e3o apresentar, at\u00e9 o \u00faltimo dia \u00fatil de cada ano, ao \u00f3rg\u00e3o do Poder Executivo expressamente definido pelo Presidente da Rep\u00fablica e aos \u00f3rg\u00e3os de registro comercial ou de registro civil de pessoas jur\u00eddicas, declara\u00e7\u00e3o com a composi\u00e7\u00e3o de seu capital social, incluindo a nomea\u00e7\u00e3o dos brasileiros natos ou naturalizados h\u00e1 mais de dez anos titulares, direta ou indiretamente, de pelo menos setenta por cento do capital total e do capital votante.\u201d<\/li>\n<\/ol>\n<p style=\"font-weight: 400; text-align: justify;\">O documento deve ser enviado eletronicamente pelo Sistema CADSEI do Minist\u00e9rio da Ci\u00eancia, Tecnologia, Inova\u00e7\u00f5es e Comunica\u00e7\u00f5es:<\/p>\n<p style=\"font-weight: 400; text-align: justify;\">\u00a0<a href=\"http:\/\/sistema.mc.gov.br\/CADSEIWeb\/pages\/externo\/SisCADSEI.jsf\" data-saferedirecturl=\"https:\/\/www.google.com\/url?hl=pt-BR&amp;q=http:\/\/sistema.mc.gov.br\/CADSEIWeb\/pages\/externo\/SisCADSEI.jsf&amp;source=gmail&amp;ust=1510916561015000&amp;usg=AFQjCNFtuOr3zfslKCDYanyP9Bktx1lyhA\">http:\/\/sistema.mc.gov.br\/CADSEIWeb\/pages\/externo\/SisCADSEI.jsf<\/a><\/p>\n<p style=\"font-weight: 400; text-align: justify;\">\u00a0Clique <a href=\"http:\/\/www.sertsc.org.br\/site\/wp-content\/uploads\/2017\/11\/Tabela-Composi\u00e7\u00e3o-Capital-Social-2017.doc\">aqui<\/a>\u00a0para baixar o modelo.<\/p>\n<p style=\"text-align: justify;\"><strong>Mais informa\u00e7\u00f5es \u00e0 imprensa:<\/strong><br \/>\nAssessoria de Comunica\u00e7\u00e3o \u2013 SERT\/SC<br \/>\nFone: (48) 3225-2122<\/p>\n<p style=\"text-align: justify;\"><a href=\"http:\/\/www.sertsc.org.br\/site\/\">http:\/\/www.sertsc.org.br\/site\/<\/a><\/p>\n<p style=\"text-align: justify;\"><a href=\"mailto:sert@sertsc.org.br\">sert@sertsc.org.br<\/a><\/p>\n<p style=\"text-align: justify;\"><a href=\"http:\/\/www.facebook.com\/sertsc\">www.facebook.com\/sertsc<\/a><\/p>\n","protected":false},"excerpt":{"rendered":"<p>Prezado filiado, todas as concession\u00e1rias e permission\u00e1rias dos servi\u00e7os de&hellip;<\/p>\n<p> <a class=\"more-link\" href=\"https:\/\/sertsc.org.br\/site\/atencao-declaracao-de-composicao-de-capital-social-2\/\">Leia mais<\/a><\/p>\n","protected":false},"author":1,"featured_media":6203,"comment_status":"closed","ping_status":"open","sticky":false,"template":"","format":"standard","meta":{"footnotes":""},"categories":[3],"tags":[67,50,70,65,51,62,43,52,63,66,64,71,53,54,46,60,47,56,61,58,69,59],"class_list":{"0":"post-6201","1":"post","2":"type-post","3":"status-publish","4":"format-standard","5":"has-post-thumbnail","7":"category-noticias","8":"tag-capacitacao","9":"tag-emissoras-de-radio","10":"tag-emissoras-de-radio-e-tv","11":"tag-emissoras-de-tv","12":"tag-encontro-regional","13":"tag-gestao","14":"tag-mctic","15":"tag-migracao-am-fm","16":"tag-planejamento-estrategico","17":"tag-radio-e-tv","18":"tag-redes-sociais","19":"tag-reforma-trabalhista","20":"tag-representante-patronal","21":"tag-santa-catarina","22":"tag-sc","23":"tag-seminarios","24":"tag-sertsc","25":"tag-sindicato-patronal","26":"tag-televisao","27":"tag-tv","28":"tag-tv-aberta","29":"tag-tv-digital"},"_links":{"self":[{"href":"https:\/\/sertsc.org.br\/site\/wp-json\/wp\/v2\/posts\/6201","targetHints":{"allow":["GET"]}}],"collection":[{"href":"https:\/\/sertsc.org.br\/site\/wp-json\/wp\/v2\/posts"}],"about":[{"href":"https:\/\/sertsc.org.br\/site\/wp-json\/wp\/v2\/types\/post"}],"author":[{"embeddable":true,"href":"https:\/\/sertsc.org.br\/site\/wp-json\/wp\/v2\/users\/1"}],"replies":[{"embeddable":true,"href":"https:\/\/sertsc.org.br\/site\/wp-json\/wp\/v2\/comments?post=6201"}],"version-history":[{"count":0,"href":"https:\/\/sertsc.org.br\/site\/wp-json\/wp\/v2\/posts\/6201\/revisions"}],"wp:featuredmedia":[{"embeddable":true,"href":"https:\/\/sertsc.org.br\/site\/wp-json\/"}],"wp:attachment":[{"href":"https:\/\/sertsc.org.br\/site\/wp-json\/wp\/v2\/media?parent=6201"}],"wp:term":[{"taxonomy":"category","embeddable":true,"href":"https:\/\/sertsc.org.br\/site\/wp-json\/wp\/v2\/categories?post=6201"},{"taxonomy":"post_tag","embeddable":true,"href":"https:\/\/sertsc.org.br\/site\/wp-json\/wp\/v2\/tags?post=6201"}],"curies":[{"name":"wp","href":"https:\/\/api.w.org\/{rel}","templated":true}]}}