{"id":6192,"date":"2017-11-14T14:07:17","date_gmt":"2017-11-14T16:07:17","guid":{"rendered":"http:\/\/www.sertsc.org.br\/site\/?p=6192"},"modified":"2017-11-14T14:07:17","modified_gmt":"2017-11-14T16:07:17","slug":"interior-de-sp-se-prepara-para-chegada-da-tv-digital","status":"publish","type":"post","link":"https:\/\/sertsc.org.br\/site\/interior-de-sp-se-prepara-para-chegada-da-tv-digital\/","title":{"rendered":"Interior de SP se prepara para chegada da TV digital"},"content":{"rendered":"<div class=\"itemIntroText\">\n<p style=\"text-align: justify;\">Cerca de 160 cidades do estado de S\u00e3o Paulo ter\u00e3o o sinal anal\u00f3gico de TV desligado no final do m\u00eas de novembro.<\/p>\n<\/div>\n<div class=\"itemFullText\">\n<p style=\"text-align: justify;\">A partir dos primeiros segundos do dia 30, os moradores dos munic\u00edpios das regi\u00f5es de Campinas, Franca, Ribeir\u00e3o Preto, Santos e Vale do Para\u00edba ter\u00e3o apenas o sinal digital de TV.<\/p>\n<p style=\"text-align: justify;\">Ao todo, aproximadamente 4 milh\u00f5es de domic\u00edlios, o que representa 12 milh\u00f5es de pessoas, assistir\u00e3o \u00e0 programa\u00e7\u00e3o favorita na TV aberta, com imagens mais limpas, n\u00edtidas, e sem ru\u00eddos.<\/p>\n<p style=\"text-align: justify;\">Cerca de 1,1 milh\u00e3o de kits digitais (cabo, antena e conversor digital) ser\u00e3o entregues nessas regi\u00f5es aos benefici\u00e1rios de programas sociais do governo federal.<\/p>\n<p style=\"text-align: justify;\">A entrega dos equipamentos n\u00e3o para nessas cidades. At\u00e9 agora, em Campinas, apenas 61% dos kits foram retirados. Nas cidades do Vale do Para\u00edba cerca de 65% dos kits foram entregues.<\/p>\n<p style=\"text-align: justify;\">Na regi\u00e3o de Santos, 66% dos kits foram entregues. A distribui\u00e7\u00e3o dos equipamentos est\u00e1 mais avan\u00e7ada nas regi\u00f5es de Ribeir\u00e3o Preto, com 74% de entregas, e Franca, com 76% dos kits retirados, mas os n\u00fameros preocupam.<\/p>\n<p style=\"text-align: justify;\">\u201cA pesquisa mostra que \u00e9 preciso ainda avan\u00e7ar muito na retirada dos kits. A popula\u00e7\u00e3o tem que entender que, sem o equipamento, ela n\u00e3o ter\u00e1 o sinal gratuito da TV aberta. Os Feir\u00f5es Digitais, que oferecem pre\u00e7os promocionais nos esquipamentos para as fam\u00edlias que n\u00e3o s\u00e3o contempladas por programas sociais, est\u00e3o ocorrendo nas regi\u00f5es. \u00c9 importante que as pessoas retirem os kits e possam fazer a instala\u00e7\u00e3o o mais r\u00e1pido poss\u00edvel\u201d, alerta o diretor geral da ABERT Luis Roberto Antonik.<\/p>\n<p style=\"text-align: justify;\">Os kits digitais podem ser solicitados e agendados para retirada pelo telefone 147 ou pelo site: WWW.sejadigital.com.br<\/p>\n<p style=\"text-align: justify;\"><strong>Rio de Janeiro e Belo Horizonte<\/strong><br \/>\nNa cidade do Rio de Janeiro (RJ), em Belo Horizonte (MG) e munic\u00edpios vizinhos das duas capitais, o processo de desligamento do sinal anal\u00f3gico de TV est\u00e1 acontecendo gradativamente. A previs\u00e3o de finaliza\u00e7\u00e3o \u00e9 em 22 de novembro. Os alunos volunt\u00e1rios que participam da Patrulha Digital passaram a semana visitando as casas para auxiliar na instala\u00e7\u00e3o dos equipamentos. Em Belo Horizonte, o abrigo Cidade dos Meninos, que comporta 4 mil jovens de 2 a 18 anos, recebeu 50 kits de TV.<\/p>\n<p style=\"text-align: justify;\">J\u00e1 no Rio de Janeiro, a a\u00e7\u00e3o para tirar d\u00favidas reuniu centenas de pessoas em Mesquita, e na Pra\u00e7a das Barcas, em Niter\u00f3i.<\/p>\n<p style=\"text-align: justify;\"><strong>V\u00eddeos da ABERT informam popula\u00e7\u00e3o sobre TV digital<\/strong><br \/>\nPara ajudar as emissoras de televis\u00e3o na comunica\u00e7\u00e3o com os telespectadores sobre o desligamento do sinal anal\u00f3gico, a ABERT disponibilizou cinco v\u00eddeos com download gratuito que podem ser utilizados na programa\u00e7\u00e3o (clique aqui para baixar).<br \/>\nAs anima\u00e7\u00f5es de 30 segundos esclarecem sobre a necessidade de adquirir um conversor, instalar a antena corretamente, e como as fam\u00edlias que participam de programas sociais podem ganhar um kit gratuito. Um dos v\u00eddeos mostra como a televis\u00e3o ficar\u00e1 ap\u00f3s o desligamento, com chiados e chuviscos, se o televisor n\u00e3o for adaptado.<\/p>\n<p style=\"text-align: justify;\">Fonte: ABERT.<\/p>\n<\/div>\n","protected":false},"excerpt":{"rendered":"<p>Cerca de 160 cidades do estado de S\u00e3o Paulo ter\u00e3o&hellip;<\/p>\n<p> <a class=\"more-link\" href=\"https:\/\/sertsc.org.br\/site\/interior-de-sp-se-prepara-para-chegada-da-tv-digital\/\">Leia mais<\/a><\/p>\n","protected":false},"author":1,"featured_media":6194,"comment_status":"closed","ping_status":"open","sticky":false,"template":"","format":"standard","meta":{"footnotes":""},"categories":[3],"tags":[67,50,70,65,51,62,43,52,63,66,64,71,53,54,46,60,47,56,61,58,69,59],"class_list":{"0":"post-6192","1":"post","2":"type-post","3":"status-publish","4":"format-standard","5":"has-post-thumbnail","7":"category-noticias","8":"tag-capacitacao","9":"tag-emissoras-de-radio","10":"tag-emissoras-de-radio-e-tv","11":"tag-emissoras-de-tv","12":"tag-encontro-regional","13":"tag-gestao","14":"tag-mctic","15":"tag-migracao-am-fm","16":"tag-planejamento-estrategico","17":"tag-radio-e-tv","18":"tag-redes-sociais","19":"tag-reforma-trabalhista","20":"tag-representante-patronal","21":"tag-santa-catarina","22":"tag-sc","23":"tag-seminarios","24":"tag-sertsc","25":"tag-sindicato-patronal","26":"tag-televisao","27":"tag-tv","28":"tag-tv-aberta","29":"tag-tv-digital"},"_links":{"self":[{"href":"https:\/\/sertsc.org.br\/site\/wp-json\/wp\/v2\/posts\/6192","targetHints":{"allow":["GET"]}}],"collection":[{"href":"https:\/\/sertsc.org.br\/site\/wp-json\/wp\/v2\/posts"}],"about":[{"href":"https:\/\/sertsc.org.br\/site\/wp-json\/wp\/v2\/types\/post"}],"author":[{"embeddable":true,"href":"https:\/\/sertsc.org.br\/site\/wp-json\/wp\/v2\/users\/1"}],"replies":[{"embeddable":true,"href":"https:\/\/sertsc.org.br\/site\/wp-json\/wp\/v2\/comments?post=6192"}],"version-history":[{"count":0,"href":"https:\/\/sertsc.org.br\/site\/wp-json\/wp\/v2\/posts\/6192\/revisions"}],"wp:featuredmedia":[{"embeddable":true,"href":"https:\/\/sertsc.org.br\/site\/wp-json\/"}],"wp:attachment":[{"href":"https:\/\/sertsc.org.br\/site\/wp-json\/wp\/v2\/media?parent=6192"}],"wp:term":[{"taxonomy":"category","embeddable":true,"href":"https:\/\/sertsc.org.br\/site\/wp-json\/wp\/v2\/categories?post=6192"},{"taxonomy":"post_tag","embeddable":true,"href":"https:\/\/sertsc.org.br\/site\/wp-json\/wp\/v2\/tags?post=6192"}],"curies":[{"name":"wp","href":"https:\/\/api.w.org\/{rel}","templated":true}]}}