{"id":6189,"date":"2017-11-14T13:58:29","date_gmt":"2017-11-14T15:58:29","guid":{"rendered":"http:\/\/www.sertsc.org.br\/site\/?p=6189"},"modified":"2017-11-14T13:58:29","modified_gmt":"2017-11-14T15:58:29","slug":"anatel-fecha-radio-pirata-que-interferia-em-pousos-no-galeao","status":"publish","type":"post","link":"https:\/\/sertsc.org.br\/site\/anatel-fecha-radio-pirata-que-interferia-em-pousos-no-galeao\/","title":{"rendered":"Anatel fecha r\u00e1dio pirata que interferia em pousos no Gale\u00e3o"},"content":{"rendered":"<p style=\"text-align: justify;\">A Anatel e as for\u00e7as de seguran\u00e7a p\u00fablica realizaram uma grande opera\u00e7\u00e3o com o objetivo de interromper o funcionamento de uma r\u00e1dio clandestina que causava interfer\u00eancia nas comunica\u00e7\u00f5es do Aeroporto Internacional do Rio de Janeiro (Gale\u00e3o). De acordo com a ag\u00eancia, a r\u00e1dio pirata provocava interrup\u00e7\u00f5es intermitentes na comunica\u00e7\u00e3o da Torre de Controle com os avi\u00f5es, na rota de aproxima\u00e7\u00e3o do aeroporto.<\/p>\n<p style=\"text-align: justify;\">A opera\u00e7\u00e3o da Anatel foi realizada na parte alta do Morro da Pedreira, um dos locais mais perigosos do Rio, na Zona Norte. Na a\u00e7\u00e3o, foi tamb\u00e9m interrompida pelos fiscais a transmiss\u00e3o de outra r\u00e1dio pirata, que utilizava dois transmissores instalados em locais distintos na comunidade. Os equipamentos foram apreendidos e os respons\u00e1veis conduzidos para a Superintend\u00eancia da Pol\u00edcia Federal.<\/p>\n<p style=\"text-align: justify;\"><strong>Balan\u00e7o<\/strong><\/p>\n<p style=\"text-align: justify;\">Segundo a Anatel esta foi uma das 4.319 fiscaliza\u00e7\u00f5es executadas pela ag\u00eancia em todo o pa\u00eds at\u00e9 o terceiro trimestre deste ano. Do total de fiscaliza\u00e7\u00f5es, 2.187 n\u00e3o estavam previstas no planejamento da ag\u00eancia, sendo que a maior parte estava relacionada \u00e0s atividades clandestinas de telecomunica\u00e7\u00f5es, 25% ao uso irregular do espectro, e 14% \u00e0 outorga (caracter\u00edsticas t\u00e9cnicas como pot\u00eancia, frequ\u00eancia e antena).<\/p>\n<p style=\"text-align: justify;\">Em rela\u00e7\u00e3o \u00e0s a\u00e7\u00f5es previstas e realizadas, 599 foram definidas como priorit\u00e1rias pelo Conselho Diretor da Ag\u00eancia. Entre elas, 224 a\u00e7\u00f5es relativas \u00e0s rela\u00e7\u00f5es de consumo, e outras 150 fiscaliza\u00e7\u00f5es de preven\u00e7\u00e3o de risco a vida, a exemplo da interrup\u00e7\u00e3o da interfer\u00eancia no Gale\u00e3o.<\/p>\n<p style=\"text-align: justify;\">Mais 133 fiscaliza\u00e7\u00f5es foram relativas \u00e0 expans\u00e3o das redes de banda larga no Brasil. Desde dezembro de 2016, todos os munic\u00edpios com mais de 100 mil habitantes devem ter cobertura 4G de acordo com o Edital de licita\u00e7\u00e3o da Anatel. E, at\u00e9 dezembro deste ano, todas as cidades com mais de 30 mil habitantes tamb\u00e9m dever\u00e3o oferecer o servi\u00e7o de redes 4G. Al\u00e9m disso, compete \u00e0 Anatel fiscalizar o recolhimento do Fundo para o Desenvolvimento Tecnol\u00f3gico das Telecomunica\u00e7\u00f5es (Funttel) e do Fundo de Universaliza\u00e7\u00e3o dos Servi\u00e7os de Telecomunica\u00e7\u00f5es (Fust).<\/p>\n<p style=\"text-align: justify;\">Fonte: Tela Viva.<\/p>\n","protected":false},"excerpt":{"rendered":"<p>A Anatel e as for\u00e7as de seguran\u00e7a p\u00fablica realizaram uma&hellip;<\/p>\n<p> <a class=\"more-link\" href=\"https:\/\/sertsc.org.br\/site\/anatel-fecha-radio-pirata-que-interferia-em-pousos-no-galeao\/\">Leia mais<\/a><\/p>\n","protected":false},"author":1,"featured_media":6190,"comment_status":"closed","ping_status":"open","sticky":false,"template":"","format":"standard","meta":{"footnotes":""},"categories":[3],"tags":[67,50,70,65,51,62,43,52,63,66,64,71,53,54,46,60,47,56,61,58,69,59],"class_list":{"0":"post-6189","1":"post","2":"type-post","3":"status-publish","4":"format-standard","5":"has-post-thumbnail","7":"category-noticias","8":"tag-capacitacao","9":"tag-emissoras-de-radio","10":"tag-emissoras-de-radio-e-tv","11":"tag-emissoras-de-tv","12":"tag-encontro-regional","13":"tag-gestao","14":"tag-mctic","15":"tag-migracao-am-fm","16":"tag-planejamento-estrategico","17":"tag-radio-e-tv","18":"tag-redes-sociais","19":"tag-reforma-trabalhista","20":"tag-representante-patronal","21":"tag-santa-catarina","22":"tag-sc","23":"tag-seminarios","24":"tag-sertsc","25":"tag-sindicato-patronal","26":"tag-televisao","27":"tag-tv","28":"tag-tv-aberta","29":"tag-tv-digital"},"_links":{"self":[{"href":"https:\/\/sertsc.org.br\/site\/wp-json\/wp\/v2\/posts\/6189","targetHints":{"allow":["GET"]}}],"collection":[{"href":"https:\/\/sertsc.org.br\/site\/wp-json\/wp\/v2\/posts"}],"about":[{"href":"https:\/\/sertsc.org.br\/site\/wp-json\/wp\/v2\/types\/post"}],"author":[{"embeddable":true,"href":"https:\/\/sertsc.org.br\/site\/wp-json\/wp\/v2\/users\/1"}],"replies":[{"embeddable":true,"href":"https:\/\/sertsc.org.br\/site\/wp-json\/wp\/v2\/comments?post=6189"}],"version-history":[{"count":0,"href":"https:\/\/sertsc.org.br\/site\/wp-json\/wp\/v2\/posts\/6189\/revisions"}],"wp:featuredmedia":[{"embeddable":true,"href":"https:\/\/sertsc.org.br\/site\/wp-json\/"}],"wp:attachment":[{"href":"https:\/\/sertsc.org.br\/site\/wp-json\/wp\/v2\/media?parent=6189"}],"wp:term":[{"taxonomy":"category","embeddable":true,"href":"https:\/\/sertsc.org.br\/site\/wp-json\/wp\/v2\/categories?post=6189"},{"taxonomy":"post_tag","embeddable":true,"href":"https:\/\/sertsc.org.br\/site\/wp-json\/wp\/v2\/tags?post=6189"}],"curies":[{"name":"wp","href":"https:\/\/api.w.org\/{rel}","templated":true}]}}