{"id":6187,"date":"2017-11-14T11:35:45","date_gmt":"2017-11-14T13:35:45","guid":{"rendered":"http:\/\/www.sertsc.org.br\/site\/?p=6187"},"modified":"2017-11-14T11:35:45","modified_gmt":"2017-11-14T13:35:45","slug":"convergencia-e-resultado-na-radiodifusao-e-tema-do-6o-seminario-do-sertsc","status":"publish","type":"post","link":"https:\/\/sertsc.org.br\/site\/convergencia-e-resultado-na-radiodifusao-e-tema-do-6o-seminario-do-sertsc\/","title":{"rendered":"\u201cConverg\u00eancia e Resultado na Radiodifus\u00e3o\u201d \u00e9 tema do 6\u00ba Semin\u00e1rio do SERT\/SC"},"content":{"rendered":"<p style=\"text-align: justify;\">O surgimento de novas m\u00eddias resultou em diversos desafios para as m\u00eddias tradicionais, que descobriram que mais do que se reinventar \u00e9 necess\u00e1rio descobrir &#8211; se dentro das novas plataformas. Esse e outros assuntos ser\u00e3o debatidos \u00a0neste fim de semana, no 6\u00ba semin\u00e1rio que ser\u00e1 realizado nos dias 19 e 20, no Plaza Caldas da Imperatriz Resort &amp; Spa, em Santo Amaro da Imperatriz.<\/p>\n<p>Promovido pelo Sindicato das Empresas de R\u00e1dio e Televis\u00e3o do Estado de Santa Catarina o \u201c6\u00ba Semin\u00e1rio do SERT\/SC\u201d,\u00a0contar\u00e1 com\u00a0tr\u00eas palestras:\u00a0<strong>Patr\u00edcia Fragoso, Carolina Sasse e\u00a0 Eng.\u00ba Cl\u00e1udio Lorini, <\/strong>al\u00e9m de homenagens, e apresenta\u00e7\u00e3o do Grupo Voice In.<\/p>\n<p style=\"text-align: justify;\">A entidade representa mais de 200 emissoras de R\u00e1dio e Televis\u00e3o de Santa Catarina.<\/p>\n<p style=\"text-align: justify;\">Saiba mais: http:\/\/sertsc.org.br\/seminario\/<\/p>\n<p style=\"text-align: justify;\"><strong>Mais informa\u00e7\u00f5es \u00e0 imprensa:<\/strong><br \/>\nAssessoria de Comunica\u00e7\u00e3o \u2013 SERT\/SC<br \/>\nFone: (48) 3225-2122<\/p>\n<p style=\"text-align: justify;\"><a href=\"http:\/\/www.sertsc.org.br\/site\/\">http:\/\/www.sertsc.org.br\/site\/<\/a><\/p>\n<p style=\"text-align: justify;\"><a href=\"mailto:sert@sertsc.org.br\">sert@sertsc.org.br<\/a><\/p>\n<p style=\"text-align: justify;\"><a href=\"http:\/\/www.facebook.com\/sertsc\">www.facebook.com\/sertsc<\/a><\/p>\n","protected":false},"excerpt":{"rendered":"<p>O surgimento de novas m\u00eddias resultou em diversos desafios para&hellip;<\/p>\n<p> <a class=\"more-link\" href=\"https:\/\/sertsc.org.br\/site\/convergencia-e-resultado-na-radiodifusao-e-tema-do-6o-seminario-do-sertsc\/\">Leia mais<\/a><\/p>\n","protected":false},"author":1,"featured_media":5961,"comment_status":"closed","ping_status":"open","sticky":false,"template":"","format":"standard","meta":{"footnotes":""},"categories":[33],"tags":[67,50,70,65,51,62,43,52,63,66,64,71,53,54,46,60,47,56,61,58,69,59],"class_list":{"0":"post-6187","1":"post","2":"type-post","3":"status-publish","4":"format-standard","5":"has-post-thumbnail","7":"category-destaques","8":"tag-capacitacao","9":"tag-emissoras-de-radio","10":"tag-emissoras-de-radio-e-tv","11":"tag-emissoras-de-tv","12":"tag-encontro-regional","13":"tag-gestao","14":"tag-mctic","15":"tag-migracao-am-fm","16":"tag-planejamento-estrategico","17":"tag-radio-e-tv","18":"tag-redes-sociais","19":"tag-reforma-trabalhista","20":"tag-representante-patronal","21":"tag-santa-catarina","22":"tag-sc","23":"tag-seminarios","24":"tag-sertsc","25":"tag-sindicato-patronal","26":"tag-televisao","27":"tag-tv","28":"tag-tv-aberta","29":"tag-tv-digital"},"_links":{"self":[{"href":"https:\/\/sertsc.org.br\/site\/wp-json\/wp\/v2\/posts\/6187","targetHints":{"allow":["GET"]}}],"collection":[{"href":"https:\/\/sertsc.org.br\/site\/wp-json\/wp\/v2\/posts"}],"about":[{"href":"https:\/\/sertsc.org.br\/site\/wp-json\/wp\/v2\/types\/post"}],"author":[{"embeddable":true,"href":"https:\/\/sertsc.org.br\/site\/wp-json\/wp\/v2\/users\/1"}],"replies":[{"embeddable":true,"href":"https:\/\/sertsc.org.br\/site\/wp-json\/wp\/v2\/comments?post=6187"}],"version-history":[{"count":0,"href":"https:\/\/sertsc.org.br\/site\/wp-json\/wp\/v2\/posts\/6187\/revisions"}],"wp:featuredmedia":[{"embeddable":true,"href":"https:\/\/sertsc.org.br\/site\/wp-json\/"}],"wp:attachment":[{"href":"https:\/\/sertsc.org.br\/site\/wp-json\/wp\/v2\/media?parent=6187"}],"wp:term":[{"taxonomy":"category","embeddable":true,"href":"https:\/\/sertsc.org.br\/site\/wp-json\/wp\/v2\/categories?post=6187"},{"taxonomy":"post_tag","embeddable":true,"href":"https:\/\/sertsc.org.br\/site\/wp-json\/wp\/v2\/tags?post=6187"}],"curies":[{"name":"wp","href":"https:\/\/api.w.org\/{rel}","templated":true}]}}