{"id":6171,"date":"2018-05-03T14:50:15","date_gmt":"2018-05-03T17:50:15","guid":{"rendered":"http:\/\/www.sertsc.org.br\/site\/?p=6171"},"modified":"2018-05-03T14:50:15","modified_gmt":"2018-05-03T17:50:15","slug":"escutar-radio-entenda-por-que-isso-nao-sai-de-moda","status":"publish","type":"post","link":"https:\/\/sertsc.org.br\/site\/escutar-radio-entenda-por-que-isso-nao-sai-de-moda\/","title":{"rendered":"Escutar r\u00e1dio: entenda por que isso n\u00e3o sai de moda!"},"content":{"rendered":"<p style=\"text-align: justify;\">As formas de comunica\u00e7\u00e3o, de uma maneira geral, t\u00eam se modernizado com o passar dos anos e o advento de novas m\u00eddias e a rapidez com que as not\u00edcias se expandem por meio da internet e demais ve\u00edculos de informa\u00e7\u00e3o s\u00e3o impressionantes.<\/p>\n<p>Entretanto, segundo pesquisa realizada pela empresa Kantar IBOPE Media,\u00a0mais de 52 milh\u00f5es de pessoas no Brasil escutam r\u00e1dio habitualmente, sendo assim, um dos principais meios de se obter informa\u00e7\u00e3o e entretenimento no nosso pa\u00eds.<\/p>\n<p>Com aproximadamente 9,4 mil emissoras ativas em todo territ\u00f3rio nacional, escutar r\u00e1dio tem sido um costume e as pessoas procuram maneiras de ouvir tanto em equipamentos tradicionais quanto por interm\u00e9dio de\u00a0streaming\u00a0na internet ou pelos smartphones.<\/p>\n<p>Afinal, por que escutar r\u00e1dio n\u00e3o sai de moda? A seguir, voc\u00ea vai conferir as raz\u00f5es para que isso ocorra!<\/p>\n<p><strong>A adaptabilidade com a concorr\u00eancia da TV<\/strong><\/p>\n<p>A hist\u00f3ria marca, a partir dos anos 1950, com a vinda da televis\u00e3o e do empreendedorismo de Assis Chateaubriand, ao introduzir na sociedade a TV Tupi, primeira emissora do pa\u00eds, uma era de concorr\u00eancia ferrenha com o, at\u00e9 ent\u00e3o, meio de comunica\u00e7\u00e3o mais utilizado.<\/p>\n<p>Muitos dos atores de radionovelas se transferiram para televis\u00e3o e constru\u00edram carreiras formid\u00e1veis e com interpreta\u00e7\u00f5es fant\u00e1sticas, que at\u00e9 hoje s\u00e3o lembradas por quem viveu aquela \u00e9poca. Ao r\u00e1dio, coube inovar na programa\u00e7\u00e3o e se adaptar dia ap\u00f3s dia.<\/p>\n<p>A influ\u00eancia pol\u00edtica das radioemissoras era not\u00e1vel e, mediante a for\u00e7a do seu jornalismo, acabou sobrevivendo com a chegada do seu novo concorrente, que, at\u00e9 ent\u00e3o, tinha presen\u00e7a em poucas casas brasileiras e era muito focado nas principais capitais.<\/p>\n<p>A inven\u00e7\u00e3o do transistor e a populariza\u00e7\u00e3o das emissoras que operavam em\u00a0Frequ\u00eancia Modulada (FM), um sistema que apresentava qualidade melhor de transmiss\u00e3o do que a Amplitude Modulada (AM), colaborou para a resist\u00eancia do r\u00e1dio no gosto popular, principalmente, com a multiplica\u00e7\u00e3o de esta\u00e7\u00f5es com programa\u00e7\u00e3o musical e seu alcance local e regional que encantava os jovens.<\/p>\n<p>A mudan\u00e7a na linguagem abordada fez com que as radiodifusoras permanecessem entre as mais queridas da popula\u00e7\u00e3o. Com o surgimento do rep\u00f3rter que ia \u00e0s ruas acompanhar a not\u00edcia in loco, conversando com o ouvinte, percebe-se que as emissoras estreitaram os la\u00e7os para que houvesse uma identifica\u00e7\u00e3o maior.<\/p>\n<p><strong>A internet deixou o r\u00e1dio mais atual<\/strong><\/p>\n<p>Sem d\u00favidas, a internet foi uma das maiores inven\u00e7\u00f5es do s\u00e9culo XX e, com a era da tecnologia, as pessoas se viam conectadas e uma onda de novas m\u00eddias foi tomando conta da sociedade brasileira e mundial.<\/p>\n<p>Restou \u00e0s radioemissoras, mais uma vez, o papel de se adaptarem ao novo, \u00e0quilo que estava tomando a aten\u00e7\u00e3o dos seus ouvintes e despertando a curiosidade de todos. A\u00a0transmiss\u00e3o digital\u00a0trouxe uma qualidade ainda maior para as emissoras e a evolu\u00e7\u00e3o tecnol\u00f3gica com sua praticidade para acompanhar a programa\u00e7\u00e3o.<\/p>\n<p>Os ouvintes se tornaram ainda mais participativos nas programa\u00e7\u00f5es e podendo colocar suas ideias e expressando suas opini\u00f5es cr\u00edticas. Essa intera\u00e7\u00e3o \u00e9 vis\u00edvel por meio das\u00a0redes sociais\u00a0e dos sites das emissoras de r\u00e1dio.<\/p>\n<p>A audi\u00eancia permanece fiel e o carisma do r\u00e1dio sobreviveu \u00e0s novas tecnologias. A intera\u00e7\u00e3o com a internet fez com que o r\u00e1dio n\u00e3o perdesse espa\u00e7o no mercado e acabou gerando novos tipos de p\u00fablico, pessoas que necessitam das not\u00edcias de forma mais r\u00e1pida, at\u00e9 pela vida corrida que levam.<\/p>\n<p>Interessante salientar tamb\u00e9m que, segundo o Ibope Media,\u00a0as programa\u00e7\u00f5es de not\u00edcias e presta\u00e7\u00e3o de servi\u00e7o s\u00e3o l\u00edderes entre os ouvintes com 65% de prefer\u00eancia, o que corrobora para a opini\u00e3o do jornalista Hermano Henning, no Congresso de R\u00e1dio e Televis\u00e3o em Joinville, quando foi enf\u00e1tico em dizer que o Jornalismo fez o r\u00e1dio sobreviver.<\/p>\n<p style=\"text-align: justify;\">Fonte: Teletronix.<\/p>\n","protected":false},"excerpt":{"rendered":"<p>As formas de comunica\u00e7\u00e3o, de uma maneira geral, t\u00eam se&hellip;<\/p>\n<p> <a class=\"more-link\" href=\"https:\/\/sertsc.org.br\/site\/escutar-radio-entenda-por-que-isso-nao-sai-de-moda\/\">Leia mais<\/a><\/p>\n","protected":false},"author":1,"featured_media":6172,"comment_status":"closed","ping_status":"open","sticky":false,"template":"","format":"standard","meta":{"footnotes":""},"categories":[3],"tags":[67,50,70,65,51,62,43,52,63,66,64,71,53,54,46,60,47,56,61,58,69,59],"class_list":{"0":"post-6171","1":"post","2":"type-post","3":"status-publish","4":"format-standard","5":"has-post-thumbnail","7":"category-noticias","8":"tag-capacitacao","9":"tag-emissoras-de-radio","10":"tag-emissoras-de-radio-e-tv","11":"tag-emissoras-de-tv","12":"tag-encontro-regional","13":"tag-gestao","14":"tag-mctic","15":"tag-migracao-am-fm","16":"tag-planejamento-estrategico","17":"tag-radio-e-tv","18":"tag-redes-sociais","19":"tag-reforma-trabalhista","20":"tag-representante-patronal","21":"tag-santa-catarina","22":"tag-sc","23":"tag-seminarios","24":"tag-sertsc","25":"tag-sindicato-patronal","26":"tag-televisao","27":"tag-tv","28":"tag-tv-aberta","29":"tag-tv-digital"},"_links":{"self":[{"href":"https:\/\/sertsc.org.br\/site\/wp-json\/wp\/v2\/posts\/6171","targetHints":{"allow":["GET"]}}],"collection":[{"href":"https:\/\/sertsc.org.br\/site\/wp-json\/wp\/v2\/posts"}],"about":[{"href":"https:\/\/sertsc.org.br\/site\/wp-json\/wp\/v2\/types\/post"}],"author":[{"embeddable":true,"href":"https:\/\/sertsc.org.br\/site\/wp-json\/wp\/v2\/users\/1"}],"replies":[{"embeddable":true,"href":"https:\/\/sertsc.org.br\/site\/wp-json\/wp\/v2\/comments?post=6171"}],"version-history":[{"count":0,"href":"https:\/\/sertsc.org.br\/site\/wp-json\/wp\/v2\/posts\/6171\/revisions"}],"wp:featuredmedia":[{"embeddable":true,"href":"https:\/\/sertsc.org.br\/site\/wp-json\/"}],"wp:attachment":[{"href":"https:\/\/sertsc.org.br\/site\/wp-json\/wp\/v2\/media?parent=6171"}],"wp:term":[{"taxonomy":"category","embeddable":true,"href":"https:\/\/sertsc.org.br\/site\/wp-json\/wp\/v2\/categories?post=6171"},{"taxonomy":"post_tag","embeddable":true,"href":"https:\/\/sertsc.org.br\/site\/wp-json\/wp\/v2\/tags?post=6171"}],"curies":[{"name":"wp","href":"https:\/\/api.w.org\/{rel}","templated":true}]}}