{"id":6124,"date":"2017-11-07T09:56:16","date_gmt":"2017-11-07T11:56:16","guid":{"rendered":"http:\/\/www.sertsc.org.br\/site\/?p=6124"},"modified":"2017-11-07T09:56:16","modified_gmt":"2017-11-07T11:56:16","slug":"audiencia-publica-debate-fiscalizacao-do-tempo-de-candidatos-no-radio-e-na-tv","status":"publish","type":"post","link":"https:\/\/sertsc.org.br\/site\/audiencia-publica-debate-fiscalizacao-do-tempo-de-candidatos-no-radio-e-na-tv\/","title":{"rendered":"Audi\u00eancia P\u00fablica debate fiscaliza\u00e7\u00e3o do tempo de candidatos no r\u00e1dio e na TV"},"content":{"rendered":"<div>\n<p style=\"text-align: justify;\">No pr\u00f3ximo dia 9 de novembro, o Tribunal Superior Eleitoral (TSE) realiza uma Audi\u00eancia P\u00fablica para falar sobre a fiscaliza\u00e7\u00e3o do tempo de exposi\u00e7\u00e3o de candidatos no r\u00e1dio e na televis\u00e3o. O objetivo \u00e9 debater junto \u00e0 sociedade as formas de garantir o pluralismo pol\u00edtico evitando abusos ou ilegalidades.<\/p>\n<p style=\"text-align: justify;\">Os debates s\u00e3o totalmente abertos e visa atender o artigo 9\u00ba da Lei de Acesso \u00e0 Informa\u00e7\u00e3o (Lei n\u00ba 12.527\/2011). Ap\u00f3s as discuss\u00f5es, ser\u00e3o elaborados relat\u00f3rios para subsidiar eventuais altera\u00e7\u00f5es na legisla\u00e7\u00e3o eleitoral.<\/p>\n<p style=\"text-align: justify;\">O presidente do TSE, ministro Gilmar Mendes, participar\u00e1 da abertura da audi\u00eancia, que ser\u00e1 comandada pelo ouvidor do TSE, Ali Mazloum. Tamb\u00e9m participar\u00e3o o jurista franc\u00eas Jean-Philippe Rivaud, magistrado da Fran\u00e7a de liga\u00e7\u00e3o para Brasil, Guiana e Suriname; o presidente da Abert (Associa\u00e7\u00e3o Brasileira de Emissoras de R\u00e1dio e Televis\u00e3o), Paulo Tonet; o governador do Maranh\u00e3o, Fl\u00e1vio Dino; e o diretor executivo da ONG Transpar\u00eancia Brasil, Manoel Galdino.<\/p>\n<p style=\"text-align: justify;\">A Audi\u00eancia P\u00fablica ser\u00e1 realizada no audit\u00f3rio 1 do TSE, localizado no subsolo do Edif\u00edcio Principal, a partir das 10h30. Para participar, basta se inscrever\u00a0<a href=\"http:\/\/www.tse.jus.br\/eventostse\/eventoAction.do?acao=exibirTelaApenasEventos&amp;id=25533&amp;sub\" target=\"_blank\" rel=\"noopener noreferrer\">aqui<\/a>. Os que assistirem ao debate presencial ter\u00e3o direito a certificado. Para receber o certificado \u00e9 imprescind\u00edvel que seja feita a inscri\u00e7\u00e3o pr\u00e9via, at\u00e9 a v\u00e9spera da audi\u00eancia.<\/p>\n<p style=\"text-align: justify;\">Quem n\u00e3o puder participar pessoalmente, poder\u00e1 acompanhar as discuss\u00f5es por meio do canal do\u00a0<a href=\"http:\/\/www.youtube.com\/justicaeleitoral\" target=\"_blank\" rel=\"noopener noreferrer\">TSE no YouTube<\/a>.<\/p>\n<\/div>\n<p style=\"text-align: justify;\">Fonte: Portal Making Of.<\/p>\n","protected":false},"excerpt":{"rendered":"<p>No pr\u00f3ximo dia 9 de novembro, o Tribunal Superior Eleitoral&hellip;<\/p>\n<p> <a class=\"more-link\" href=\"https:\/\/sertsc.org.br\/site\/audiencia-publica-debate-fiscalizacao-do-tempo-de-candidatos-no-radio-e-na-tv\/\">Leia mais<\/a><\/p>\n","protected":false},"author":1,"featured_media":6125,"comment_status":"closed","ping_status":"open","sticky":false,"template":"","format":"standard","meta":{"footnotes":""},"categories":[3],"tags":[67,50,70,65,51,62,43,52,63,66,64,71,53,54,46,60,47,56,61,58,69,59],"class_list":{"0":"post-6124","1":"post","2":"type-post","3":"status-publish","4":"format-standard","5":"has-post-thumbnail","7":"category-noticias","8":"tag-capacitacao","9":"tag-emissoras-de-radio","10":"tag-emissoras-de-radio-e-tv","11":"tag-emissoras-de-tv","12":"tag-encontro-regional","13":"tag-gestao","14":"tag-mctic","15":"tag-migracao-am-fm","16":"tag-planejamento-estrategico","17":"tag-radio-e-tv","18":"tag-redes-sociais","19":"tag-reforma-trabalhista","20":"tag-representante-patronal","21":"tag-santa-catarina","22":"tag-sc","23":"tag-seminarios","24":"tag-sertsc","25":"tag-sindicato-patronal","26":"tag-televisao","27":"tag-tv","28":"tag-tv-aberta","29":"tag-tv-digital"},"_links":{"self":[{"href":"https:\/\/sertsc.org.br\/site\/wp-json\/wp\/v2\/posts\/6124","targetHints":{"allow":["GET"]}}],"collection":[{"href":"https:\/\/sertsc.org.br\/site\/wp-json\/wp\/v2\/posts"}],"about":[{"href":"https:\/\/sertsc.org.br\/site\/wp-json\/wp\/v2\/types\/post"}],"author":[{"embeddable":true,"href":"https:\/\/sertsc.org.br\/site\/wp-json\/wp\/v2\/users\/1"}],"replies":[{"embeddable":true,"href":"https:\/\/sertsc.org.br\/site\/wp-json\/wp\/v2\/comments?post=6124"}],"version-history":[{"count":0,"href":"https:\/\/sertsc.org.br\/site\/wp-json\/wp\/v2\/posts\/6124\/revisions"}],"wp:featuredmedia":[{"embeddable":true,"href":"https:\/\/sertsc.org.br\/site\/wp-json\/"}],"wp:attachment":[{"href":"https:\/\/sertsc.org.br\/site\/wp-json\/wp\/v2\/media?parent=6124"}],"wp:term":[{"taxonomy":"category","embeddable":true,"href":"https:\/\/sertsc.org.br\/site\/wp-json\/wp\/v2\/categories?post=6124"},{"taxonomy":"post_tag","embeddable":true,"href":"https:\/\/sertsc.org.br\/site\/wp-json\/wp\/v2\/tags?post=6124"}],"curies":[{"name":"wp","href":"https:\/\/api.w.org\/{rel}","templated":true}]}}