{"id":6117,"date":"2017-11-07T09:01:18","date_gmt":"2017-11-07T11:01:18","guid":{"rendered":"http:\/\/www.sertsc.org.br\/site\/?p=6117"},"modified":"2017-11-07T09:01:18","modified_gmt":"2017-11-07T11:01:18","slug":"mudanca-na-composicao-do-gired-2","status":"publish","type":"post","link":"https:\/\/sertsc.org.br\/site\/mudanca-na-composicao-do-gired-2\/","title":{"rendered":"Mudan\u00e7a na composi\u00e7\u00e3o do GIRED"},"content":{"rendered":"<div class=\"itemIntroText\">\n<p style=\"text-align: justify;\">Portaria da Ag\u00eancia Nacional de Telecomunica\u00e7\u00f5es (<strong>ANATEL<\/strong>), publicada no Di\u00e1rio Oficial da Uni\u00e3o, nesta segunda-feira (6), alterou a composi\u00e7\u00e3o do Grupo de Implanta\u00e7\u00e3o do Processo de Redistribui\u00e7\u00e3o e Digitaliza\u00e7\u00e3o de Canais de TV e RTV (GIRED).<\/p>\n<\/div>\n<div class=\"itemFullText\">\n<p style=\"text-align: justify;\">Representando as empresas de radiodifus\u00e3o, Roberto Franco entrou na vaga de Daniel Slaviero. Em outra mudan\u00e7a recente, Leandro Enrique Lobo Guerra entrou na vaga de suplente de \u00c1tila Ara\u00fajo Branco, representando as empresas de telecomunica\u00e7\u00f5es.<\/p>\n<p>Al\u00e9m de Roberto Franco, Fl\u00e1vio Lara Resende, Raymundo Barros e Andr\u00e9 Felipe Trindade s\u00e3o os representantes titulares da radiodifus\u00e3o. Na supl\u00eancia, seguem Fernando Luz de Azevedo, Luis Roberto Antonik, Cristiano Lobato Flores, e Evelin Brisolla.<\/p>\n<p>Presidido por Juarez Quadros, tamb\u00e9m presidente da ANATEL, o <strong>GIRED<\/strong> tem como objetivo trabalhar na limpeza da faixa de 700 MHz para o ingresso da banda larga 4G no Brasil, assim como resolver as poss\u00edveis interfer\u00eancias no sistema de radiocomunica\u00e7\u00e3o, entre a televis\u00e3o digital e a telefonia celular.<\/p>\n<p>Tem ainda a tarefa de disciplinar e fiscalizar a implanta\u00e7\u00e3o do processo de redistribui\u00e7\u00e3o de canais de TV e RTV e de acompanhar os procedimentos operacionais da EAD, Entidade Administradora do Processo de Redistribui\u00e7\u00e3o e Digitaliza\u00e7\u00e3o de Canais de TV e RTV (Seja Digital).<\/p>\n<\/div>\n","protected":false},"excerpt":{"rendered":"<p>Portaria da Ag\u00eancia Nacional de Telecomunica\u00e7\u00f5es (ANATEL), publicada no Di\u00e1rio&hellip;<\/p>\n<p> <a class=\"more-link\" href=\"https:\/\/sertsc.org.br\/site\/mudanca-na-composicao-do-gired-2\/\">Leia mais<\/a><\/p>\n","protected":false},"author":1,"featured_media":6118,"comment_status":"closed","ping_status":"open","sticky":false,"template":"","format":"standard","meta":{"footnotes":""},"categories":[3],"tags":[67,50,70,65,51,62,43,52,63,66,64,71,53,54,46,60,47,56,61,58,69,59],"class_list":{"0":"post-6117","1":"post","2":"type-post","3":"status-publish","4":"format-standard","5":"has-post-thumbnail","7":"category-noticias","8":"tag-capacitacao","9":"tag-emissoras-de-radio","10":"tag-emissoras-de-radio-e-tv","11":"tag-emissoras-de-tv","12":"tag-encontro-regional","13":"tag-gestao","14":"tag-mctic","15":"tag-migracao-am-fm","16":"tag-planejamento-estrategico","17":"tag-radio-e-tv","18":"tag-redes-sociais","19":"tag-reforma-trabalhista","20":"tag-representante-patronal","21":"tag-santa-catarina","22":"tag-sc","23":"tag-seminarios","24":"tag-sertsc","25":"tag-sindicato-patronal","26":"tag-televisao","27":"tag-tv","28":"tag-tv-aberta","29":"tag-tv-digital"},"_links":{"self":[{"href":"https:\/\/sertsc.org.br\/site\/wp-json\/wp\/v2\/posts\/6117","targetHints":{"allow":["GET"]}}],"collection":[{"href":"https:\/\/sertsc.org.br\/site\/wp-json\/wp\/v2\/posts"}],"about":[{"href":"https:\/\/sertsc.org.br\/site\/wp-json\/wp\/v2\/types\/post"}],"author":[{"embeddable":true,"href":"https:\/\/sertsc.org.br\/site\/wp-json\/wp\/v2\/users\/1"}],"replies":[{"embeddable":true,"href":"https:\/\/sertsc.org.br\/site\/wp-json\/wp\/v2\/comments?post=6117"}],"version-history":[{"count":0,"href":"https:\/\/sertsc.org.br\/site\/wp-json\/wp\/v2\/posts\/6117\/revisions"}],"wp:featuredmedia":[{"embeddable":true,"href":"https:\/\/sertsc.org.br\/site\/wp-json\/"}],"wp:attachment":[{"href":"https:\/\/sertsc.org.br\/site\/wp-json\/wp\/v2\/media?parent=6117"}],"wp:term":[{"taxonomy":"category","embeddable":true,"href":"https:\/\/sertsc.org.br\/site\/wp-json\/wp\/v2\/categories?post=6117"},{"taxonomy":"post_tag","embeddable":true,"href":"https:\/\/sertsc.org.br\/site\/wp-json\/wp\/v2\/tags?post=6117"}],"curies":[{"name":"wp","href":"https:\/\/api.w.org\/{rel}","templated":true}]}}