{"id":6115,"date":"2017-11-07T08:54:55","date_gmt":"2017-11-07T10:54:55","guid":{"rendered":"http:\/\/www.sertsc.org.br\/site\/?p=6115"},"modified":"2017-11-07T08:54:55","modified_gmt":"2017-11-07T10:54:55","slug":"migracao-am-fm-sao-paulo-chega-35-migrantes-ams-operando-em-fm-brasil-se-aproxima-de-240","status":"publish","type":"post","link":"https:\/\/sertsc.org.br\/site\/migracao-am-fm-sao-paulo-chega-35-migrantes-ams-operando-em-fm-brasil-se-aproxima-de-240\/","title":{"rendered":"Migra\u00e7\u00e3o AM-FM: S\u00e3o Paulo chega a 35 migrantes AMs operando em FM. Brasil se aproxima de 240"},"content":{"rendered":"<p style=\"text-align: justify;\">O\u00a0<a href=\"https:\/\/tudoradio.com\/dials\"><strong>dials tudoradio.com<\/strong><\/a>\u00a0continua realizando um levantamento completo do processo de migra\u00e7\u00e3o AM-FM no Brasil. Diariamente a equipe do\u00a0<strong>tudoradio.com<\/strong>\u00a0tem cadastrado novas FMs originadas da faixa AM, com relatos das pr\u00f3prias emissoras e ouvintes. S\u00e3o Paulo chegou a marca de 35 migrantes ativas na faixa FM, n\u00famero refor\u00e7ado com as estreias ocorridas no Vale do Para\u00edba. J\u00e1 o Brasil est\u00e1 se aproximando da marca de 240 migrantes AM-FM que j\u00e1 completaram o processo de ida para a faixa FM.<\/p>\n<p style=\"text-align: justify;\">As duas \u00faltimas migrantes AM-FM a serem percebidas na faixa FM no estado de S\u00e3o Paulo foram as emissoras R\u00e1dio Difusora FM 103.7 de Pindamonhangaba (r\u00e1dio originada em 1500 AM) e\u00a0<strong>Nativa FM 92.5 de Lorena<\/strong>\u00a0(antiga R\u00e1dio Cultura AM 1460). Os dois casos s\u00e3o de novas FMs com\u00a0<strong>classe C de opera\u00e7\u00e3o<\/strong>.<\/p>\n<p style=\"text-align: justify;\">Ainda em S\u00e3o Paulo, o m\u00eas de novembro tamb\u00e9m come\u00e7ou com uma novidade na regi\u00e3o de Fernand\u00f3polis (noroeste do estado). A R\u00e1dio \u00c1guas Quentes (originada em 1360 AM) foi percebida em 93.3 FM. Tamb\u00e9m \u00e9 uma migrante de classe C de opera\u00e7\u00e3o e est\u00e1 se identificando como \u201cTEC FM\u201d.<\/p>\n<p style=\"text-align: justify;\">Minas Gerais e Rio Grande do Sul tamb\u00e9m refor\u00e7aram a lista de migrantes j\u00e1 ativas em FM. A mineira Vi\u00e7osa passou a contar com a\u00a0<strong>R\u00e1dio Montanhesa FM 106.5<\/strong>, enquanto a regi\u00e3o de Passo Fundo \/ Erechim passou a ser coberta pelas emissoras ga\u00fachas R\u00e1dio Sideral FM 93.1 (Get\u00falio Vargas) e R\u00e1dio Tapejara FM 101.5 (Tapejara).<\/p>\n<p style=\"text-align: justify;\">Toda essa movimenta\u00e7\u00e3o \u00e9 acompanhada diariamente pelo\u00a0<strong>Mapa da atualiza\u00e7\u00e3o do tudoradio.com (clique aqui e saiba mais)<\/strong>.<\/p>\n<p style=\"text-align: justify;\"><strong>240 migrantes AM-FM?<\/strong><\/p>\n<p style=\"text-align: justify;\">O n\u00famero \u00e9 relacionado ao levantamento feito pelo\u00a0<strong>tudoradio.com<\/strong>\u00a0nos\u00a0<strong>dials AM\/FM<\/strong>\u00a0no portal, ou seja, s\u00e3o 238 migrantes AM-FM que tem a sua cobertura em FM j\u00e1 mapeada pela equipe do portal (at\u00e9 o fechamento desta mat\u00e9ria).<\/p>\n<p style=\"text-align: justify;\">O\u00a0<a href=\"https:\/\/tudoradio.com\/conteudo\/ver\/45-o-radio-migracao-das-ams-levantamento-no-fm\"><strong>levantamento completo (inclusive o n\u00famero de migrantes por estado) pode ser acompanhado aqui<\/strong><\/a>. A atualiza\u00e7\u00e3o \u00e9 di\u00e1ria.<\/p>\n<p style=\"text-align: justify;\">Fonte: Tudo R\u00e1dio.<\/p>\n","protected":false},"excerpt":{"rendered":"<p>O\u00a0dials tudoradio.com\u00a0continua realizando um levantamento completo do processo de migra\u00e7\u00e3o&hellip;<\/p>\n<p> <a class=\"more-link\" href=\"https:\/\/sertsc.org.br\/site\/migracao-am-fm-sao-paulo-chega-35-migrantes-ams-operando-em-fm-brasil-se-aproxima-de-240\/\">Leia mais<\/a><\/p>\n","protected":false},"author":1,"featured_media":5765,"comment_status":"closed","ping_status":"open","sticky":false,"template":"","format":"standard","meta":{"footnotes":""},"categories":[3],"tags":[67,50,70,65,51,62,43,52,63,66,64,71,53,54,46,60,47,56,61,58,69,59],"class_list":{"0":"post-6115","1":"post","2":"type-post","3":"status-publish","4":"format-standard","5":"has-post-thumbnail","7":"category-noticias","8":"tag-capacitacao","9":"tag-emissoras-de-radio","10":"tag-emissoras-de-radio-e-tv","11":"tag-emissoras-de-tv","12":"tag-encontro-regional","13":"tag-gestao","14":"tag-mctic","15":"tag-migracao-am-fm","16":"tag-planejamento-estrategico","17":"tag-radio-e-tv","18":"tag-redes-sociais","19":"tag-reforma-trabalhista","20":"tag-representante-patronal","21":"tag-santa-catarina","22":"tag-sc","23":"tag-seminarios","24":"tag-sertsc","25":"tag-sindicato-patronal","26":"tag-televisao","27":"tag-tv","28":"tag-tv-aberta","29":"tag-tv-digital"},"_links":{"self":[{"href":"https:\/\/sertsc.org.br\/site\/wp-json\/wp\/v2\/posts\/6115","targetHints":{"allow":["GET"]}}],"collection":[{"href":"https:\/\/sertsc.org.br\/site\/wp-json\/wp\/v2\/posts"}],"about":[{"href":"https:\/\/sertsc.org.br\/site\/wp-json\/wp\/v2\/types\/post"}],"author":[{"embeddable":true,"href":"https:\/\/sertsc.org.br\/site\/wp-json\/wp\/v2\/users\/1"}],"replies":[{"embeddable":true,"href":"https:\/\/sertsc.org.br\/site\/wp-json\/wp\/v2\/comments?post=6115"}],"version-history":[{"count":0,"href":"https:\/\/sertsc.org.br\/site\/wp-json\/wp\/v2\/posts\/6115\/revisions"}],"wp:featuredmedia":[{"embeddable":true,"href":"https:\/\/sertsc.org.br\/site\/wp-json\/"}],"wp:attachment":[{"href":"https:\/\/sertsc.org.br\/site\/wp-json\/wp\/v2\/media?parent=6115"}],"wp:term":[{"taxonomy":"category","embeddable":true,"href":"https:\/\/sertsc.org.br\/site\/wp-json\/wp\/v2\/categories?post=6115"},{"taxonomy":"post_tag","embeddable":true,"href":"https:\/\/sertsc.org.br\/site\/wp-json\/wp\/v2\/tags?post=6115"}],"curies":[{"name":"wp","href":"https:\/\/api.w.org\/{rel}","templated":true}]}}