{"id":6101,"date":"2017-11-03T11:50:57","date_gmt":"2017-11-03T13:50:57","guid":{"rendered":"http:\/\/www.sertsc.org.br\/site\/?p=6101"},"modified":"2017-11-03T11:50:57","modified_gmt":"2017-11-03T13:50:57","slug":"fatma-e-acaert-assinam-marco-inedito-de-licencas-ambientais-das-antenas-de-radio-e-televisao","status":"publish","type":"post","link":"https:\/\/sertsc.org.br\/site\/fatma-e-acaert-assinam-marco-inedito-de-licencas-ambientais-das-antenas-de-radio-e-televisao\/","title":{"rendered":"FATMA e ACAERT assinam marco in\u00e9dito de licen\u00e7as ambientais das antenas de R\u00e1dio e Televis\u00e3o"},"content":{"rendered":"<p class=\"font-16\" style=\"text-align: justify;\"><strong>Termo de Refer\u00eancia regulamentar\u00e1 a mat\u00e9ria e deve servir de modelo para o pa\u00eds<\/strong><\/p>\n<p style=\"text-align: justify;\">A Funda\u00e7\u00e3o do Meio Ambiente \u2013 FATMA e a Associa\u00e7\u00e3o Catarinense de Emissoras de R\u00e1dio e Televis\u00e3o \u2013 ACAERT assinam na pr\u00f3xima ter\u00e7a-feira (7), \u00e0s 14 horas, no plen\u00e1rio da Assembleia Legislativa \u2013 Alesc, Termo de Refer\u00eancia para a obten\u00e7\u00e3o das licen\u00e7as ambientais das antenas de emissoras de Televis\u00e3o e R\u00e1dio em Santa Catarina. O documento \u00e9 in\u00e9dito no Brasil e define os procedimentos necess\u00e1rios para a instala\u00e7\u00e3o de novas antenas e da manuten\u00e7\u00e3o das j\u00e1 instaladas.<\/p>\n<p style=\"text-align: justify;\">O prazo de validade das licen\u00e7as ambientais ser\u00e1 de dez anos, contados da data da sua expedi\u00e7\u00e3o, renovado automaticamente, mediante apresenta\u00e7\u00e3o de requerimento. As emissoras associadas da ACAERT que aderirem ao procedimento ter\u00e3o o prazo de quatro anos para solicitar as licen\u00e7as ambientais das antenas de emissoras de radiodifus\u00e3o de sons e de sons e imagens atendendo os procedimentos e documentos previstos no Termo de Refer\u00eancia.<br \/>\n\u201cO documento \u00e9 resultado da parceria entre as duas institui\u00e7\u00f5es, que democraticamente produziram um documento moderno e meticuloso, transformando o conflito em solu\u00e7\u00e3o\u201d, explicou o presidente da ACAERT, Marcello Corr\u00eaa Petrelli. \u201cEssa \u00e9 uma importante conquista da Radiodifus\u00e3o Catarinense, que refor\u00e7a seu compromisso com as causas ambientais\u201d, concluiu.<br \/>\nAs emissoras de radiodifus\u00e3o comerciais n\u00e3o associadas \u00e0 ACAERT poder\u00e3o se valer das mesmas condi\u00e7\u00f5es previstas neste instrumento, utilizando seus pr\u00f3prios estudos, documentos e informa\u00e7\u00f5es para instruir os respectivos processos de licenciamento, de sua responsabilidade.<br \/>\nAl\u00e9m de definir toda documenta\u00e7\u00e3o necess\u00e1ria para as licen\u00e7as ambientais, o Termo de Refer\u00eancia divide o estado em oito regi\u00f5es, com cada qual tendo seu estudo espec\u00edfico.<\/p>\n<p class=\"font-11\" style=\"text-align: justify;\">Fonte: Assessoria de Comunica\u00e7\u00e3o ACAERT<\/p>\n","protected":false},"excerpt":{"rendered":"<p>Termo de Refer\u00eancia regulamentar\u00e1 a mat\u00e9ria e deve servir de&hellip;<\/p>\n<p> <a class=\"more-link\" href=\"https:\/\/sertsc.org.br\/site\/fatma-e-acaert-assinam-marco-inedito-de-licencas-ambientais-das-antenas-de-radio-e-televisao\/\">Leia mais<\/a><\/p>\n","protected":false},"author":1,"featured_media":6102,"comment_status":"closed","ping_status":"open","sticky":false,"template":"","format":"standard","meta":{"footnotes":""},"categories":[3],"tags":[67,50,70,65,51,62,43,52,63,66,64,71,53,54,46,60,47,56,61,58,69,59],"class_list":{"0":"post-6101","1":"post","2":"type-post","3":"status-publish","4":"format-standard","5":"has-post-thumbnail","7":"category-noticias","8":"tag-capacitacao","9":"tag-emissoras-de-radio","10":"tag-emissoras-de-radio-e-tv","11":"tag-emissoras-de-tv","12":"tag-encontro-regional","13":"tag-gestao","14":"tag-mctic","15":"tag-migracao-am-fm","16":"tag-planejamento-estrategico","17":"tag-radio-e-tv","18":"tag-redes-sociais","19":"tag-reforma-trabalhista","20":"tag-representante-patronal","21":"tag-santa-catarina","22":"tag-sc","23":"tag-seminarios","24":"tag-sertsc","25":"tag-sindicato-patronal","26":"tag-televisao","27":"tag-tv","28":"tag-tv-aberta","29":"tag-tv-digital"},"_links":{"self":[{"href":"https:\/\/sertsc.org.br\/site\/wp-json\/wp\/v2\/posts\/6101","targetHints":{"allow":["GET"]}}],"collection":[{"href":"https:\/\/sertsc.org.br\/site\/wp-json\/wp\/v2\/posts"}],"about":[{"href":"https:\/\/sertsc.org.br\/site\/wp-json\/wp\/v2\/types\/post"}],"author":[{"embeddable":true,"href":"https:\/\/sertsc.org.br\/site\/wp-json\/wp\/v2\/users\/1"}],"replies":[{"embeddable":true,"href":"https:\/\/sertsc.org.br\/site\/wp-json\/wp\/v2\/comments?post=6101"}],"version-history":[{"count":0,"href":"https:\/\/sertsc.org.br\/site\/wp-json\/wp\/v2\/posts\/6101\/revisions"}],"wp:featuredmedia":[{"embeddable":true,"href":"https:\/\/sertsc.org.br\/site\/wp-json\/"}],"wp:attachment":[{"href":"https:\/\/sertsc.org.br\/site\/wp-json\/wp\/v2\/media?parent=6101"}],"wp:term":[{"taxonomy":"category","embeddable":true,"href":"https:\/\/sertsc.org.br\/site\/wp-json\/wp\/v2\/categories?post=6101"},{"taxonomy":"post_tag","embeddable":true,"href":"https:\/\/sertsc.org.br\/site\/wp-json\/wp\/v2\/tags?post=6101"}],"curies":[{"name":"wp","href":"https:\/\/api.w.org\/{rel}","templated":true}]}}