{"id":6098,"date":"2017-11-03T11:45:17","date_gmt":"2017-11-03T13:45:17","guid":{"rendered":"http:\/\/www.sertsc.org.br\/site\/?p=6098"},"modified":"2017-11-03T11:45:17","modified_gmt":"2017-11-03T13:45:17","slug":"governo-federal-estimula-instalacao-de-tv-digital-por-familias-de-baixa-renda","status":"publish","type":"post","link":"https:\/\/sertsc.org.br\/site\/governo-federal-estimula-instalacao-de-tv-digital-por-familias-de-baixa-renda\/","title":{"rendered":"Governo Federal estimula instala\u00e7\u00e3o de TV digital por fam\u00edlias de baixa renda"},"content":{"rendered":"<p style=\"text-align: justify;\">As fam\u00edlias de baixa renda atendidas pelo Governo Federal das cidades de Florian\u00f3polis, S\u00e3o Jos\u00e9, Palho\u00e7a, Bigua\u00e7u e Paulo Lopes, que est\u00e3o recebendo kits gratuitos da\u00a0<strong>Seja Digital<\/strong>, entidade respons\u00e1vel pela migra\u00e7\u00e3o do sinal de TV no Brasil, podem concorrer a sorteios de R$ 2 mil, em cart\u00f5es pr\u00e9-pagos. Para participar, as fam\u00edlias devem, primeiro, verificar se t\u00eam direito ao kit distribu\u00eddo pela Seja Digital, ligando gratuitamente para 147 ou acessando o site sejadigital.com.br\/kit e, em caso afirmativo, realizar o agendamento, escolhendo a melhor data, hor\u00e1rio e local para retirar os equipamentos.<\/p>\n<p style=\"text-align: justify;\">Com o kit em m\u00e3os, basta seguir as instru\u00e7\u00f5es para instalar o conversor e a antena digital. No final do processo de instala\u00e7\u00e3o aparece um c\u00f3digo na tela da TV, que deve ser cadastrado no site sejadigital.com.br\/concorra ou no telefone 147 (liga\u00e7\u00e3o gratuita). Informando o c\u00f3digo, o benefici\u00e1rio j\u00e1 estar\u00e1 participando do sorteio e concorrendo aos pr\u00eamios.<\/p>\n<p style=\"text-align: justify;\">Os sorteios ser\u00e3o realizados quinzenalmente at\u00e9 o desligamento do sinal anal\u00f3gico de TV. O primeiro sorteio j\u00e1 aconteceu no dia 01\/11 e o pr\u00f3ximo ser\u00e1 no dia 15\/11.<\/p>\n<p style=\"text-align: justify;\">O nome dos vencedores ser\u00e1 divulgado no site da Seja Digital e em sua p\u00e1gina no Facebook. Para participar basta retirar\u00a0o kit gratuito e\u00a0instalar\u00a0os equipamentos.<\/p>\n<p style=\"text-align: justify;\">\n<p style=\"text-align: justify;\">Fonte: Acontecendo Aqui.<\/p>\n","protected":false},"excerpt":{"rendered":"<p>As fam\u00edlias de baixa renda atendidas pelo Governo Federal das&hellip;<\/p>\n<p> <a class=\"more-link\" href=\"https:\/\/sertsc.org.br\/site\/governo-federal-estimula-instalacao-de-tv-digital-por-familias-de-baixa-renda\/\">Leia mais<\/a><\/p>\n","protected":false},"author":1,"featured_media":6099,"comment_status":"closed","ping_status":"open","sticky":false,"template":"","format":"standard","meta":{"footnotes":""},"categories":[3],"tags":[67,50,70,65,51,62,43,52,63,66,64,71,53,54,46,60,47,56,61,58,69,59],"class_list":{"0":"post-6098","1":"post","2":"type-post","3":"status-publish","4":"format-standard","5":"has-post-thumbnail","7":"category-noticias","8":"tag-capacitacao","9":"tag-emissoras-de-radio","10":"tag-emissoras-de-radio-e-tv","11":"tag-emissoras-de-tv","12":"tag-encontro-regional","13":"tag-gestao","14":"tag-mctic","15":"tag-migracao-am-fm","16":"tag-planejamento-estrategico","17":"tag-radio-e-tv","18":"tag-redes-sociais","19":"tag-reforma-trabalhista","20":"tag-representante-patronal","21":"tag-santa-catarina","22":"tag-sc","23":"tag-seminarios","24":"tag-sertsc","25":"tag-sindicato-patronal","26":"tag-televisao","27":"tag-tv","28":"tag-tv-aberta","29":"tag-tv-digital"},"_links":{"self":[{"href":"https:\/\/sertsc.org.br\/site\/wp-json\/wp\/v2\/posts\/6098","targetHints":{"allow":["GET"]}}],"collection":[{"href":"https:\/\/sertsc.org.br\/site\/wp-json\/wp\/v2\/posts"}],"about":[{"href":"https:\/\/sertsc.org.br\/site\/wp-json\/wp\/v2\/types\/post"}],"author":[{"embeddable":true,"href":"https:\/\/sertsc.org.br\/site\/wp-json\/wp\/v2\/users\/1"}],"replies":[{"embeddable":true,"href":"https:\/\/sertsc.org.br\/site\/wp-json\/wp\/v2\/comments?post=6098"}],"version-history":[{"count":0,"href":"https:\/\/sertsc.org.br\/site\/wp-json\/wp\/v2\/posts\/6098\/revisions"}],"wp:featuredmedia":[{"embeddable":true,"href":"https:\/\/sertsc.org.br\/site\/wp-json\/"}],"wp:attachment":[{"href":"https:\/\/sertsc.org.br\/site\/wp-json\/wp\/v2\/media?parent=6098"}],"wp:term":[{"taxonomy":"category","embeddable":true,"href":"https:\/\/sertsc.org.br\/site\/wp-json\/wp\/v2\/categories?post=6098"},{"taxonomy":"post_tag","embeddable":true,"href":"https:\/\/sertsc.org.br\/site\/wp-json\/wp\/v2\/tags?post=6098"}],"curies":[{"name":"wp","href":"https:\/\/api.w.org\/{rel}","templated":true}]}}