{"id":6090,"date":"2017-11-01T16:12:00","date_gmt":"2017-11-01T18:12:00","guid":{"rendered":"http:\/\/www.sertsc.org.br\/site\/?p=6090"},"modified":"2017-11-01T16:12:00","modified_gmt":"2017-11-01T18:12:00","slug":"radio-e-tv-migracao-para-o-fm-e-desligamento-do-sinal-analogico-mobilizam-comunicacao-em-santa-catarina","status":"publish","type":"post","link":"https:\/\/sertsc.org.br\/site\/radio-e-tv-migracao-para-o-fm-e-desligamento-do-sinal-analogico-mobilizam-comunicacao-em-santa-catarina\/","title":{"rendered":"R\u00e1dio e TV: Migra\u00e7\u00e3o para o FM e desligamento do sinal anal\u00f3gico mobilizam comunica\u00e7\u00e3o em Santa Catarina"},"content":{"rendered":"<p style=\"text-align: justify;\"><span style=\"color: #000000;\">No decorrer dos \u00faltimos quatro meses, o\u00a0Portal Making Of, em parceria com a\u00a0<span lang=\"zxx\">ACAERT<\/span>\u00a0(Associa\u00e7\u00e3o Catarinense das Emissoras de R\u00e1dio e Televis\u00e3o), apresentou um\u00a0<span lang=\"zxx\">panorama do r\u00e1dio em Santa Catarina<\/span>, tendo como \u201cgancho\u201d o processo de migra\u00e7\u00e3o do AM para o FM. Tend\u00eancias e expectativas, sempre com a participa\u00e7\u00e3o de radiodifusores, profissionais do r\u00e1dio, pesquisadores e anunciantes, ganharam destaque e mostraram o momento pelo qual o meio passa \u2013 de renova\u00e7\u00e3o e de reafirma\u00e7\u00e3o de sua import\u00e2ncia para o estado.<\/span><\/p>\n<p style=\"text-align: justify;\"><span style=\"color: #000000;\">A migra\u00e7\u00e3o das emissoras AM para o FM prossegue com r\u00e1dios j\u00e1\u00a0<span lang=\"zxx\">comemorando os resultados<\/span>. Mas como o Making Of destacou na reportagem\u00a0<span lang=\"zxx\"><i>Santa Catarina e os desafios da migra\u00e7\u00e3o do AM para o FM<\/i><\/span>, algumas emissoras v\u00e3o migrar mais tarde porque precisam esperar pelo desligamento da TV anal\u00f3gica para fazer a mudan\u00e7a de frequ\u00eancia. Conforme explicou o engenheiro Luiz Rosa Reis, 56 emissoras, de 34 cidades, n\u00e3o obtiveram canais na atual faixa do FM, de\u00a088 MHz a 108 MHz, incluindo todas as de Florian\u00f3polis. Como essa faixa pertence hoje aos canais 5 e 6 de VHF de televis\u00e3o, os mesmos n\u00e3o poder\u00e3o existir nas localidades onde forem concedidos. \u201cOs existentes s\u00f3 deixar\u00e3o de existir quando a televis\u00e3o anal\u00f3gica deixar de existir nessas localidades\u201d, diz.<\/span><\/p>\n<p style=\"text-align: justify;\"><span style=\"color: #000000;\">\u00c9 neste ponto que estes dois momentos importantes da comunica\u00e7\u00e3o de Santa Catarina, ambos tendo a ACAERT \u00e0 frente, se encontram: a migra\u00e7\u00e3o do AM para o FM e o desligamento do sinal anal\u00f3gico da TV. Por isso, nesta \u00faltima reportagem da s\u00e9rie A For\u00e7a do R\u00e1dio, o Portal Making Of destaca a expectativa para o fim da TV anal\u00f3gica em Santa Catarina que come\u00e7ar\u00e1 pelas cidades de Florian\u00f3polis, S\u00e3o Jos\u00e9, Palho\u00e7a, Bigua\u00e7u e Paulo Lopes, que a partir de 31 de janeiro de 2018 contar\u00e3o apenas com o sinal digital.<\/span><\/p>\n<p style=\"text-align: justify;\"><span style=\"color: #000000;\">Mobiliza\u00e7\u00e3o e expectativas para o desligamento do sinal anal\u00f3gico<\/span><\/p>\n<p style=\"text-align: justify;\"><span style=\"color: #000000;\">Faltando pouco mais de tr\u00eas meses para a primeira etapa do desligamento, a campanha de divulga\u00e7\u00e3o vem sendo intensificada, especialmente nas emissoras das quatro redes de TV de Santa Catarina. O\u00a0Seja Digital, entidade sem fins lucrativos criada por determina\u00e7\u00e3o da Anatel, \u00e9 que est\u00e1 encabe\u00e7ando o processo de desligamento.<\/span><\/p>\n<p style=\"text-align: justify;\"><span style=\"color: #000000;\">Isso inclui a operacionaliza\u00e7\u00e3o do processo e a cria\u00e7\u00e3o de campanhas educativas e a distribui\u00e7\u00e3o de kits com antenas e conversores digitais, al\u00e9m de parcerias como institui\u00e7\u00f5es como o SENAI e IFSC (Instituto Federal de Santa Catarina) para a forma\u00e7\u00e3o de multiplicadores (estudantes capacitados para orientar, instalar e ajustar equipamentos e canais). \u201cEu achava que este era um projeto de tecnologia, mas estamos em um projeto de inclus\u00e3o social\u201d, destaca Patr\u00edcia Abreu, diretora de comunica\u00e7\u00e3o do Seja Digital. \u201cE vemos a import\u00e2ncia da TV na vida do brasileiro, al\u00e9m de uma oportunidade de mobilizar e gerar neg\u00f3cios e aquecer a economia com a venda de antenas e conversores e a contrata\u00e7\u00e3o de t\u00e9cnicos especializados\u201d.<\/span><\/p>\n<p style=\"text-align: justify;\"><span style=\"color: #000000;\"><img decoding=\"async\" src=\"http:\/\/www.portalmakingof.com.br\/pages\/makingof\/files\/marcello.jpg\" alt=\"Foto: Divulga\u00e7\u00e3o ACAERT\" \/><\/span><\/p>\n<p style=\"text-align: justify;\"><span style=\"color: #000000;\">Esta \u00e9 tamb\u00e9m a expectativa entre os gestores da RICTV TV | Record, do SBT-SC, da NSC TV, da TV Catarina HD e da Record News, os canais de TV de Santa Catarina, que j\u00e1 operam com sinal digital. \u201cPodemos afirmar que nosso compromisso com o cidad\u00e3o se renova com os novos servi\u00e7os que a TV Digital proporcionar\u00e1\u201d, afirma Marcello Petrelli, presidente-executivo do Grupo RIC (RICTV Record e Record News) e da ACAERT. \u201c\u00c9 a televis\u00e3o participando diariamente da vida das pessoas\u201d.<\/span><\/p>\n<p style=\"text-align: justify;\"><span style=\"color: #000000;\">Petrelli afirma que o primeiro desligamento em Santa Catarina ser\u00e1 importante para o sucesso do processo em todo o estado. \u201cA regi\u00e3o da Grande Florian\u00f3polis servir\u00e1 como um grande laborat\u00f3rio para o restante do estado\u201d, afirma. Por laborat\u00f3rio entende-se oferecer apenas uma forma de sintonia dos canais, com caracter\u00edsticas bem diferentes. \u201cOs telespectadores estar\u00e3o recebendo exclusivamente o sinal digital, com imagens mais n\u00edtidas, som de melhor qualidade e sem ru\u00eddos e interfer\u00eancias\u201d, diz Petrelli, destacando a padroniza\u00e7\u00e3o na qualidade do sinal entre todas as emissoras.<\/span><\/p>\n<p style=\"text-align: justify;\"><span style=\"color: #000000;\">Na opini\u00e3o do presidente-executivo do Grupo RIC, o desligamento do sinal anal\u00f3gico representa a reinven\u00e7\u00e3o da televis\u00e3o brasileira. E isso est\u00e1 ocorrendo, segundo Petrelli, num ambiente de comunica\u00e7\u00e3o marcado pela mobilidade e converg\u00eancia tecnol\u00f3gica. \u201cDaqui a seis anos, o pa\u00eds inteiro receber\u00e1 apenas o sinal digital das emissoras\u201d, diz. \u201cA TV de hoje, a que fazemos, em que o telespectador fica parado assistindo ter\u00e1 ficado para tr\u00e1s\u201d.<\/span><\/p>\n<p style=\"text-align: justify;\"><span style=\"color: #000000;\"><img decoding=\"async\" src=\"http:\/\/www.portalmakingof.com.br\/pages\/makingof\/files\/1257157798.JPG\" alt=\"Foto: Divulga\u00e7\u00e3o ACAERT\" \/><\/span><\/p>\n<p style=\"text-align: justify;\"><span style=\"color: #000000;\">Para Beto Amaral, vice-presidente do SBT-SC, o desligamento representa um marco na comunica\u00e7\u00e3o catarinense por colocar as emissoras num mesmo patamar de qualidade de sinal e abrang\u00eancia. \u201cN\u00f3s do SBT-SC, particularmente, teremos um grande ganho, pois o nosso canal anal\u00f3gico \u00e9 UHF, concorrendo com emissoras que operam no VHF\u201d, explica. Com o desligamento, conta Amaral, todas as emissoras estar\u00e3o operando na faixa UHF, mas agora digital. Assim, os telespectadores da Grande Florian\u00f3polis v\u00e3o \u201cpegar\u201d o sinal de forma igualit\u00e1ria, e ainda com maior alcance e qualidade HD.<\/span><\/p>\n<p style=\"text-align: justify;\"><span style=\"color: #000000;\">\u201cTenho certeza que o desligamento do sinal anal\u00f3gico trar\u00e1 um aumento da audi\u00eancia da TV Aberta\u201d, afirma o executivo do SBT-SC. \u201cAs pessoas v\u00e3o ter um ganho enorme de qualidade, saindo de outros canais e at\u00e9 desligando a TV paga\u201d, prev\u00ea. Ele destaca que os ganhos da TV Digital v\u00e3o al\u00e9m do sinal em alta defini\u00e7\u00e3o. Ele cita a possibilidade de vermos TV em movimento e na palma da m\u00e3o, atrav\u00e9s da mobilidade\/portabilidade. \u201cTemos a op\u00e7\u00e3o de termos interatividade dentro dos programas e comerciais, o que \u00e9 muito pouco explorado ainda, e a quest\u00e3o do canal de dados\u201d, diz.<\/span><\/p>\n<p style=\"text-align: justify;\"><span style=\"color: #000000;\">Mais qualidade para proporcionar novas experi\u00eancias para p\u00fablico<\/span><\/p>\n<p style=\"text-align: justify;\"><span style=\"color: #000000;\"><img decoding=\"async\" src=\"http:\/\/www.portalmakingof.com.br\/pages\/makingof\/files\/22730100_1648493908567058_4618451936505650565_n.jpg\" alt=\"Foto: Divulga\u00e7\u00e3o ACAERT\" \/><\/span><\/p>\n<p style=\"text-align: justify;\"><span style=\"color: #000000;\">Saul Brandalise Jr., presidente do Grupo Barriga Verde, do qual faz parte a TV Catarina HD, afirma que o desligamento do sinal anal\u00f3gico na Grande Florian\u00f3polis representa um grande salto de qualidade. \u201cIsso possibilita levar os produtos da TV Catarina, assim como o comercial de nossos anunciantes, com maior resolu\u00e7\u00e3o at\u00e9 o telespectador\u201d, diz. \u201cTrata-se de uma grande vit\u00f3ria dentro de um planejamento feito ao longo dos dois \u00faltimos anos\u201d.<\/span><\/p>\n<p style=\"text-align: justify;\"><span style=\"color: #000000;\">Brandalise cita o \u00e1udio como exemplo. O \u00e1udio do sinal digital \u00e9 mais puro sem sofrer interfer\u00eancia de fen\u00f4menos externos e tamb\u00e9m possibilita a utiliza\u00e7\u00e3o de m\u00faltiplos canais de \u00e1udio que podem ser simult\u00e2neos, em diferentes idiomas e com audiodescri\u00e7\u00e3o. \u201cE depois da Grande Florian\u00f3polis, o foco estar\u00e1 direcionado para as demais regi\u00f5es do estado, conforme o\u00a0<span lang=\"zxx\">cronograma de desligamento<\/span>, sem com o\u00a0objetivo de oferecer maior qualidade para o p\u00fablico com base na tecnologia dispon\u00edvel no mercado\u201d. Ainda em 2018, as regi\u00f5es de Blumenau e Joinville tamb\u00e9m ter\u00e3o o sinal anal\u00f3gico de TV desligado.<\/span><\/p>\n<p style=\"text-align: justify;\"><span style=\"color: #000000;\"><img decoding=\"async\" src=\"http:\/\/www.portalmakingof.com.br\/pages\/makingof\/files\/Mario-Neves-Credito-Jose-Luiz-Somensi-Divulgacao.jpg\" alt=\"Foto: Jos\u00e9 Luiz Somensi \/ Divulga\u00e7\u00e3o ADVB Grupo RBS\" \/><\/span><\/p>\n<p style=\"text-align: justify;\"><span style=\"color: #000000;\">O desligamento do sinal anal\u00f3gico \u00e9 um avan\u00e7o da tecnologia que gera satisfa\u00e7\u00e3o de ver televis\u00e3o, seja jornalismo, entretenimento ou esporte. A afirma\u00e7\u00e3o de M\u00e1rio Neves, presidente da NSC Comunica\u00e7\u00f5es, da qual faz tarde a NSC TV . Ele conta que h\u00e1 dez anos, a NSC TV (<i>ainda como RBS TV<\/i>) come\u00e7ou a transi\u00e7\u00e3o para o sinal digital, que hoje cobre todas as \u00e1reas onde est\u00e3o as emissoras regionais (Florian\u00f3polis , Joinville, Blumenau, Crici\u00fama, Chapec\u00f3 e Joa\u00e7aba). \u201cO sinal digital vai permitir que a NSC alcance ainda mais telespectadores em Santa Catarina, mantendo e elevando seus \u00edndices de audi\u00eancia\u201d, afirma.<\/span><\/p>\n<p style=\"text-align: justify;\"><span style=\"color: #000000;\">Para Neves, s\u00e3o muitas as vantagens que o sinal digital traz. Por exemplo, a qualidade de som e imagem mexer\u00e1 com a experi\u00eancia de ver televis\u00e3o. Ficar\u00e1 mais intensa, diz o executivo da NSC, porque as novas produ\u00e7\u00f5es de televis\u00e3o aberta investem cada vez mais nesses itens. \u201cOutra vantagem \u00e9 que o sinal de maior qualidade continua sendo oferecido \u00e0 popula\u00e7\u00e3o de gra\u00e7a e pode chegar ainda mais longe, atingindo \u00e1reas tidas como sombra, onde hoje o sinal anal\u00f3gico apresenta eventuais distor\u00e7\u00f5es\u201d, aponta.<\/span><\/p>\n<p style=\"text-align: justify;\"><span style=\"color: #000000;\">O mesmo dever\u00e1 ocorrer com os anunciantes, com as ag\u00eancias proporcionando tamb\u00e9m novas experi\u00eancias com os conte\u00fados publicit\u00e1rios, com maior impacto e efici\u00eancia. \u201c\u00c9 a TV aberta se aprimorando e olhando para o futuro, garantindo sua presen\u00e7a na imensa maioria dos lares e na vida dos catarinenses\u201d, conclui M\u00e1rio Neves.<\/span><\/p>\n<p style=\"text-align: justify;\"><span style=\"color: #000000;\">Fonte: Portal Making Of.<\/span><\/p>\n<p style=\"text-align: justify;\"><span style=\"color: #000000;\"><i>Todas as fotos s\u00e3o divulga\u00e7\u00e3o ACAERT, exceto foto de M\u00e1rio Neves, que \u00e9 de autoria Jos\u00e9 Luiz Somensi\/ Divulga\u00e7\u00e3o ADVB Grupo RBS.<\/i><\/span><\/p>\n<p>&nbsp;<\/p>\n","protected":false},"excerpt":{"rendered":"<p>No decorrer dos \u00faltimos quatro meses, o\u00a0Portal Making Of, em&hellip;<\/p>\n<p> <a class=\"more-link\" href=\"https:\/\/sertsc.org.br\/site\/radio-e-tv-migracao-para-o-fm-e-desligamento-do-sinal-analogico-mobilizam-comunicacao-em-santa-catarina\/\">Leia mais<\/a><\/p>\n","protected":false},"author":1,"featured_media":6091,"comment_status":"closed","ping_status":"open","sticky":false,"template":"","format":"standard","meta":{"footnotes":""},"categories":[3],"tags":[67,50,70,65,51,62,43,52,63,66,64,71,53,54,46,60,47,56,61,58,69,59],"class_list":{"0":"post-6090","1":"post","2":"type-post","3":"status-publish","4":"format-standard","5":"has-post-thumbnail","7":"category-noticias","8":"tag-capacitacao","9":"tag-emissoras-de-radio","10":"tag-emissoras-de-radio-e-tv","11":"tag-emissoras-de-tv","12":"tag-encontro-regional","13":"tag-gestao","14":"tag-mctic","15":"tag-migracao-am-fm","16":"tag-planejamento-estrategico","17":"tag-radio-e-tv","18":"tag-redes-sociais","19":"tag-reforma-trabalhista","20":"tag-representante-patronal","21":"tag-santa-catarina","22":"tag-sc","23":"tag-seminarios","24":"tag-sertsc","25":"tag-sindicato-patronal","26":"tag-televisao","27":"tag-tv","28":"tag-tv-aberta","29":"tag-tv-digital"},"_links":{"self":[{"href":"https:\/\/sertsc.org.br\/site\/wp-json\/wp\/v2\/posts\/6090","targetHints":{"allow":["GET"]}}],"collection":[{"href":"https:\/\/sertsc.org.br\/site\/wp-json\/wp\/v2\/posts"}],"about":[{"href":"https:\/\/sertsc.org.br\/site\/wp-json\/wp\/v2\/types\/post"}],"author":[{"embeddable":true,"href":"https:\/\/sertsc.org.br\/site\/wp-json\/wp\/v2\/users\/1"}],"replies":[{"embeddable":true,"href":"https:\/\/sertsc.org.br\/site\/wp-json\/wp\/v2\/comments?post=6090"}],"version-history":[{"count":0,"href":"https:\/\/sertsc.org.br\/site\/wp-json\/wp\/v2\/posts\/6090\/revisions"}],"wp:featuredmedia":[{"embeddable":true,"href":"https:\/\/sertsc.org.br\/site\/wp-json\/"}],"wp:attachment":[{"href":"https:\/\/sertsc.org.br\/site\/wp-json\/wp\/v2\/media?parent=6090"}],"wp:term":[{"taxonomy":"category","embeddable":true,"href":"https:\/\/sertsc.org.br\/site\/wp-json\/wp\/v2\/categories?post=6090"},{"taxonomy":"post_tag","embeddable":true,"href":"https:\/\/sertsc.org.br\/site\/wp-json\/wp\/v2\/tags?post=6090"}],"curies":[{"name":"wp","href":"https:\/\/api.w.org\/{rel}","templated":true}]}}