{"id":6087,"date":"2017-11-01T10:57:03","date_gmt":"2017-11-01T12:57:03","guid":{"rendered":"http:\/\/www.sertsc.org.br\/site\/?p=6087"},"modified":"2017-11-01T10:57:03","modified_gmt":"2017-11-01T12:57:03","slug":"prorrogada-isencao-do-icms-para-equipamentos-da-radiodifusao","status":"publish","type":"post","link":"https:\/\/sertsc.org.br\/site\/prorrogada-isencao-do-icms-para-equipamentos-da-radiodifusao\/","title":{"rendered":"Prorrogada isen\u00e7\u00e3o do ICMS para equipamentos da radiodifus\u00e3o"},"content":{"rendered":"<div class=\"itemIntroText\">\n<div style=\"text-align: justify;\">O governo prorrogou, por mais um ano, o Conv\u00eanio 10\/07, que autoriza estados e Distrito Federal a conceder isen\u00e7\u00e3o de ICMS (Imposto sobre Opera\u00e7\u00f5es relativas \u00e0 Circula\u00e7\u00e3o de Mercadorias e sobre Presta\u00e7\u00f5es de Servi\u00e7os de Transporte Interestadual e Intermunicipal e de Comunica\u00e7\u00e3o) na importa\u00e7\u00e3o de m\u00e1quinas, equipamentos, partes e acess\u00f3rios destinados \u00e0s empresas de radiodifus\u00e3o.<\/div>\n<\/div>\n<div class=\"itemFullText\">\n<div style=\"text-align: justify;\">Ap\u00f3s intenso trabalho da ABERT junto ao Conselho Nacional de Pol\u00edtica Fazend\u00e1ria (CONFAZ), a prorroga\u00e7\u00e3o foi publicada no Di\u00e1rio Oficial da Uni\u00e3o.<\/div>\n<div style=\"text-align: justify;\"><\/div>\n<div style=\"text-align: justify;\">Para o diretor da ABERT, Jos\u00e9 Nilvan de Oliveira, &#8220;a medida representa uma conquista para o setor que passa por grandes dificuldades, seja pela migra\u00e7\u00e3o das emissoras de r\u00e1dio do AM para o FM, ou pela digitaliza\u00e7\u00e3o da televis\u00e3o, ambas atividades que est\u00e3o requerendo enormes quantidades de investimentos\u201c.<\/div>\n<div style=\"text-align: justify;\"><\/div>\n<div style=\"text-align: justify;\">A nova vig\u00eancia do benef\u00edcio fiscal \u00e9 v\u00e1lida at\u00e9 30 de abril de 2019. O benef\u00edcio se encerraria no final deste ano.<\/div>\n<div style=\"text-align: justify;\">FONTE: ABERT.<\/div>\n<\/div>\n","protected":false},"excerpt":{"rendered":"<p>O governo prorrogou, por mais um ano, o Conv\u00eanio 10\/07,&hellip;<\/p>\n<p> <a class=\"more-link\" href=\"https:\/\/sertsc.org.br\/site\/prorrogada-isencao-do-icms-para-equipamentos-da-radiodifusao\/\">Leia mais<\/a><\/p>\n","protected":false},"author":1,"featured_media":6088,"comment_status":"closed","ping_status":"open","sticky":false,"template":"","format":"standard","meta":{"footnotes":""},"categories":[3],"tags":[67,50,70,65,51,62,43,52,63,66,64,71,53,54,46,60,47,56,61,58,69,59],"class_list":{"0":"post-6087","1":"post","2":"type-post","3":"status-publish","4":"format-standard","5":"has-post-thumbnail","7":"category-noticias","8":"tag-capacitacao","9":"tag-emissoras-de-radio","10":"tag-emissoras-de-radio-e-tv","11":"tag-emissoras-de-tv","12":"tag-encontro-regional","13":"tag-gestao","14":"tag-mctic","15":"tag-migracao-am-fm","16":"tag-planejamento-estrategico","17":"tag-radio-e-tv","18":"tag-redes-sociais","19":"tag-reforma-trabalhista","20":"tag-representante-patronal","21":"tag-santa-catarina","22":"tag-sc","23":"tag-seminarios","24":"tag-sertsc","25":"tag-sindicato-patronal","26":"tag-televisao","27":"tag-tv","28":"tag-tv-aberta","29":"tag-tv-digital"},"_links":{"self":[{"href":"https:\/\/sertsc.org.br\/site\/wp-json\/wp\/v2\/posts\/6087","targetHints":{"allow":["GET"]}}],"collection":[{"href":"https:\/\/sertsc.org.br\/site\/wp-json\/wp\/v2\/posts"}],"about":[{"href":"https:\/\/sertsc.org.br\/site\/wp-json\/wp\/v2\/types\/post"}],"author":[{"embeddable":true,"href":"https:\/\/sertsc.org.br\/site\/wp-json\/wp\/v2\/users\/1"}],"replies":[{"embeddable":true,"href":"https:\/\/sertsc.org.br\/site\/wp-json\/wp\/v2\/comments?post=6087"}],"version-history":[{"count":0,"href":"https:\/\/sertsc.org.br\/site\/wp-json\/wp\/v2\/posts\/6087\/revisions"}],"wp:featuredmedia":[{"embeddable":true,"href":"https:\/\/sertsc.org.br\/site\/wp-json\/"}],"wp:attachment":[{"href":"https:\/\/sertsc.org.br\/site\/wp-json\/wp\/v2\/media?parent=6087"}],"wp:term":[{"taxonomy":"category","embeddable":true,"href":"https:\/\/sertsc.org.br\/site\/wp-json\/wp\/v2\/categories?post=6087"},{"taxonomy":"post_tag","embeddable":true,"href":"https:\/\/sertsc.org.br\/site\/wp-json\/wp\/v2\/tags?post=6087"}],"curies":[{"name":"wp","href":"https:\/\/api.w.org\/{rel}","templated":true}]}}