{"id":6084,"date":"2017-11-01T10:10:05","date_gmt":"2017-11-01T12:10:05","guid":{"rendered":"http:\/\/www.sertsc.org.br\/site\/?p=6084"},"modified":"2017-11-01T10:10:05","modified_gmt":"2017-11-01T12:10:05","slug":"anatel-celebra-aniversario-de-20-anos","status":"publish","type":"post","link":"https:\/\/sertsc.org.br\/site\/anatel-celebra-aniversario-de-20-anos\/","title":{"rendered":"Anatel celebra anivers\u00e1rio de 20 anos"},"content":{"rendered":"<p style=\"text-align: justify;\">Foi realizada nesta ter\u00e7a-feira, dia 31\/10, a solenidade de anivers\u00e1rio de 20 anos da Anatel. O presidente da Ag\u00eancia,\u00a0 Juarez Quadros,\u00a0 em seu discurso destacou que o \u00f3rg\u00e3o regulador brasileiro de telecomunica\u00e7\u00f5es alcan\u00e7ou a categoria de \u201cag\u00eancia-modelo\u201d para o Brasil e outros pa\u00edses. Segundo ele, isso foi conseguido em \u201cfun\u00e7\u00e3o da transpar\u00eancia de seus atos decis\u00f3rios; a preocupa\u00e7\u00e3o permanente com a defesa dos direitos do consumidor; o trabalho constante para permitir a ampla competi\u00e7\u00e3o em nosso mercado\u201d.<\/p>\n<p style=\"text-align: justify;\">Para Juarez Quadros, foi a dedica\u00e7\u00e3o de homens como o ex-presidente da Rep\u00fablica Fernando Henrique Cardoso, o ent\u00e3o ministro das Comunica\u00e7\u00f5es do governo FHC, S\u00e9rgio Motta, o tamb\u00e9m ent\u00e3o deputado federal, Eduardo Magalh\u00e3es, e o primeiro presidente da Anatel, Renato Guerreiro, que permitiu a constru\u00e7\u00e3o dessa moderniza\u00e7\u00e3o vision\u00e1ria das telecomunica\u00e7\u00f5es brasileiras ocorrida com a institui\u00e7\u00e3o da Anatel e a desestatiza\u00e7\u00e3o do setor em 1998.<\/p>\n<p style=\"text-align: justify;\">Quadros tamb\u00e9m fez um discurso em homenagem ao conselheiro Igor de Freitas, que encerra seu mandato no dia 04\/11 e agradeceu pelo trabalho realizado. \u201cDestaco o excelente trabalho que ele desenvolveu na Ag\u00eancia Nacional de Telecomunica\u00e7\u00f5es. O conselheiro exerceu seu trabalho com elevada compet\u00eancia, profissionalismo, organiza\u00e7\u00e3o e equil\u00edbrio. Quanto ao processo de regula\u00e7\u00e3o atuou de forma din\u00e2mica, inovadora e proativa\u201d, disse.<\/p>\n<p style=\"text-align: justify;\">Segundo Quadros, o conselheiro atuou decisivamente na elabora\u00e7\u00e3o dos Termos de Compromisso de Ajustamento de Condutas (TAC) e liderou os trabalhos ligados ao planejamento estrat\u00e9gico da Anatel. Al\u00e9m disso, para o presidente da Anatel, o conselheiro Igor de Freitas devido ao seu f\u00e1cil relacionamento interpessoal \u201cconseguiu, com naturalidade e profissionalismo, uma salutar integra\u00e7\u00e3o entre as atividades do seu Gabinete com os demais Gabinetes, Assessorias e Superintend\u00eancias\u201d.<\/p>\n<p style=\"text-align: justify;\">Igor de Freitas agradeceu pelas palavras do presidente Quadros e afirmou \u201cs\u00e3o momentos como esse que ficar\u00e3o guardados na mem\u00f3ria e fazem valer todo o esfor\u00e7o. Essa homenagem \u00e9 algo que n\u00e3o em pre\u00e7o\u201d. Em seguida o conselheiro Igor fez uma retrospectiva dos 20 anos da Ag\u00eancia e sobre a evolu\u00e7\u00e3o do setor de telecomunica\u00e7\u00f5es nesse per\u00edodo. \u201cAtualmente o Brasil \u00e9 o 5\u00ba mercado do setor de telecomunica\u00e7\u00f5es. S\u00e3o mais de 500 mil empregos diretos. Uma receita anual de R$ 230 milh\u00f5es. E o setor corresponde a 4% do PIB\u201d, disse. Ele explicou que a Ag\u00eancia passou pela inf\u00e2ncia e que agora tem a responsabilidade para responder como adulto as demandas do setor.<\/p>\n<p style=\"text-align: justify;\">O ministro da Ci\u00eancia, Tecnologia, Inova\u00e7\u00f5es e Comunica\u00e7\u00f5es\u00a0 (MCTIC), Gilberto Kassab, que tamb\u00e9m participou da solenidade destacou a qualidade dos profissionais da Ag\u00eancia, servidores e conselheiros, e disse que a rela\u00e7\u00e3o da Anatel com a sociedade merece aplausos e reconhecimento. Por fim o ministro disse que esses 20 anos foram de muito \u00eaxito e sucesso.<\/p>\n<p style=\"text-align: justify;\">Foi realizada ainda uma homenagem aos ex-conselheiros, Marcelo Bechara, Jo\u00e3o Rezende e Rodrigo Zerbone, com o descerramento das suas fotos na galeria do 11\u00ba andar do bloco da H, da sede da Anatel.<\/p>\n<p style=\"text-align: justify;\">O discurso do presidente da Ag\u00eancia Nacional de Telecomunica\u00e7\u00f5es, Juarez Quadros, sobre os<a href=\"http:\/\/www.anatel.gov.br\/Portal\/documentos\/sala_imprensa\/31-10-2017--13h15min51s-discurso_20_anos_anatel_presidente_Juarez_Quadros.pdf\" rel=\"alternate\">\u00a020 anos da Anatel<\/a>\u00a0e as\u00a0<a href=\"http:\/\/www.anatel.gov.br\/Portal\/documentos\/sala_imprensa\/31-10-2017--13h2min42s-palavras_ao_conselheiro_Igor_de_Freitas.pdf\" rel=\"alternate\">palavras de reconhecimento ditas ao conselheiro Igor de Freitas<\/a>\u00a0est\u00e3o no Portal da Ag\u00eancia.<\/p>\n","protected":false},"excerpt":{"rendered":"<p>Foi realizada nesta ter\u00e7a-feira, dia 31\/10, a solenidade de anivers\u00e1rio&hellip;<\/p>\n<p> <a class=\"more-link\" href=\"https:\/\/sertsc.org.br\/site\/anatel-celebra-aniversario-de-20-anos\/\">Leia mais<\/a><\/p>\n","protected":false},"author":1,"featured_media":6085,"comment_status":"closed","ping_status":"open","sticky":false,"template":"","format":"standard","meta":{"footnotes":""},"categories":[3],"tags":[67,50,70,65,51,62,43,52,63,66,64,71,53,54,46,60,47,56,61,58,69,59],"class_list":{"0":"post-6084","1":"post","2":"type-post","3":"status-publish","4":"format-standard","5":"has-post-thumbnail","7":"category-noticias","8":"tag-capacitacao","9":"tag-emissoras-de-radio","10":"tag-emissoras-de-radio-e-tv","11":"tag-emissoras-de-tv","12":"tag-encontro-regional","13":"tag-gestao","14":"tag-mctic","15":"tag-migracao-am-fm","16":"tag-planejamento-estrategico","17":"tag-radio-e-tv","18":"tag-redes-sociais","19":"tag-reforma-trabalhista","20":"tag-representante-patronal","21":"tag-santa-catarina","22":"tag-sc","23":"tag-seminarios","24":"tag-sertsc","25":"tag-sindicato-patronal","26":"tag-televisao","27":"tag-tv","28":"tag-tv-aberta","29":"tag-tv-digital"},"_links":{"self":[{"href":"https:\/\/sertsc.org.br\/site\/wp-json\/wp\/v2\/posts\/6084","targetHints":{"allow":["GET"]}}],"collection":[{"href":"https:\/\/sertsc.org.br\/site\/wp-json\/wp\/v2\/posts"}],"about":[{"href":"https:\/\/sertsc.org.br\/site\/wp-json\/wp\/v2\/types\/post"}],"author":[{"embeddable":true,"href":"https:\/\/sertsc.org.br\/site\/wp-json\/wp\/v2\/users\/1"}],"replies":[{"embeddable":true,"href":"https:\/\/sertsc.org.br\/site\/wp-json\/wp\/v2\/comments?post=6084"}],"version-history":[{"count":0,"href":"https:\/\/sertsc.org.br\/site\/wp-json\/wp\/v2\/posts\/6084\/revisions"}],"wp:featuredmedia":[{"embeddable":true,"href":"https:\/\/sertsc.org.br\/site\/wp-json\/"}],"wp:attachment":[{"href":"https:\/\/sertsc.org.br\/site\/wp-json\/wp\/v2\/media?parent=6084"}],"wp:term":[{"taxonomy":"category","embeddable":true,"href":"https:\/\/sertsc.org.br\/site\/wp-json\/wp\/v2\/categories?post=6084"},{"taxonomy":"post_tag","embeddable":true,"href":"https:\/\/sertsc.org.br\/site\/wp-json\/wp\/v2\/tags?post=6084"}],"curies":[{"name":"wp","href":"https:\/\/api.w.org\/{rel}","templated":true}]}}