{"id":6064,"date":"2017-10-31T08:56:59","date_gmt":"2017-10-31T10:56:59","guid":{"rendered":"http:\/\/www.sertsc.org.br\/site\/?p=6064"},"modified":"2017-10-31T08:56:59","modified_gmt":"2017-10-31T10:56:59","slug":"sertsc-lanca-mais-uma-campanha-anuncienoradio","status":"publish","type":"post","link":"https:\/\/sertsc.org.br\/site\/sertsc-lanca-mais-uma-campanha-anuncienoradio\/","title":{"rendered":"SERT\/SC lan\u00e7a mais uma campanha #AnuncieNoR\u00e1dio"},"content":{"rendered":"<p style=\"font-weight: 400; text-align: justify;\">O Representante Patronal do R\u00e1dio e da Televis\u00e3o do Estado de Santa Catarina &#8211; SERT\/SC lan\u00e7a mais uma campanha buscando valorizar o r\u00e1dio e destacar suas vantagens. A pe\u00e7a, desenvolvida com foco nas redes sociais, ressalta a alta penetra\u00e7\u00e3o e a lideran\u00e7a de audi\u00eancia do meio, que se mant\u00e9m relevante em v\u00e1rios segmentos de p\u00fablico, sendo consumido em todas as faixas hor\u00e1rias e atingindo todas as regi\u00f5es do pa\u00eds.<\/p>\n<p style=\"font-weight: 400; text-align: justify;\">\u00a0O\u00a0alcance nas capitais metropolitanas varia entre 95% e 82%. O tempo m\u00e9dio que cada ouvinte escuta r\u00e1dio por dia \u00e9 4h40. O consumo no trabalho excede essa m\u00e9dia. Cada pessoa que escuta nesse local, ouve em m\u00e9dia 5h01 por dia.<\/p>\n<p style=\"font-weight: 400; text-align: justify;\">\u00a0O an\u00fancio no r\u00e1dio \u00e9 a forma mais regional de falar com os consumidores e ainda movimentar o setor publicit\u00e1rio das cidades, que em grande parte s\u00e3o do interior, benef\u00edcio para quem anuncia e para quem divulga.<\/p>\n<p style=\"font-weight: 400; text-align: justify;\">\u00a0N\u00e3o restam d\u00favidas, portanto, de que o r\u00e1dio \u00e9 a melhor escolha para quem quer investir em um meio com baixo custo de inser\u00e7\u00e3o e garantir o m\u00e1ximo de retorno e aproxima\u00e7\u00e3o com os clientes.<\/p>\n<p style=\"font-weight: 400; text-align: justify;\">Use o banner do SERT\/SC nas suas redes sociais e site\u00a0com a hashtag #AnuncieNoRadio e mostre para seus anunciantes como o r\u00e1dio \u00e9 uns dos ve\u00edculos preferidos dos brasileiros.<\/p>\n<p style=\"font-weight: 400; text-align: justify;\">Compartilhe esta ideia, #AnuncieNoR\u00e1dio.<\/p>\n<p style=\"font-weight: 400; text-align: justify;\"><a href=\"http:\/\/www.sertsc.org.br\/site\/wp-content\/uploads\/2017\/10\/campanha-radio.jpg\"><img fetchpriority=\"high\" decoding=\"async\" class=\"aligncenter size-full wp-image-6065\" src=\"http:\/\/www.sertsc.org.br\/site\/wp-content\/uploads\/2017\/10\/campanha-radio.jpg\" alt=\"campanha-radio\" width=\"2550\" height=\"3450\" \/><\/a><\/p>\n","protected":false},"excerpt":{"rendered":"<p>O Representante Patronal do R\u00e1dio e da Televis\u00e3o do Estado&hellip;<\/p>\n<p> <a class=\"more-link\" href=\"https:\/\/sertsc.org.br\/site\/sertsc-lanca-mais-uma-campanha-anuncienoradio\/\">Leia mais<\/a><\/p>\n","protected":false},"author":1,"featured_media":6069,"comment_status":"closed","ping_status":"open","sticky":false,"template":"","format":"standard","meta":{"footnotes":""},"categories":[33],"tags":[67,50,70,65,51,62,43,52,63,66,64,71,53,54,46,60,47,56,61,58,69,59],"class_list":{"0":"post-6064","1":"post","2":"type-post","3":"status-publish","4":"format-standard","5":"has-post-thumbnail","7":"category-destaques","8":"tag-capacitacao","9":"tag-emissoras-de-radio","10":"tag-emissoras-de-radio-e-tv","11":"tag-emissoras-de-tv","12":"tag-encontro-regional","13":"tag-gestao","14":"tag-mctic","15":"tag-migracao-am-fm","16":"tag-planejamento-estrategico","17":"tag-radio-e-tv","18":"tag-redes-sociais","19":"tag-reforma-trabalhista","20":"tag-representante-patronal","21":"tag-santa-catarina","22":"tag-sc","23":"tag-seminarios","24":"tag-sertsc","25":"tag-sindicato-patronal","26":"tag-televisao","27":"tag-tv","28":"tag-tv-aberta","29":"tag-tv-digital"},"_links":{"self":[{"href":"https:\/\/sertsc.org.br\/site\/wp-json\/wp\/v2\/posts\/6064","targetHints":{"allow":["GET"]}}],"collection":[{"href":"https:\/\/sertsc.org.br\/site\/wp-json\/wp\/v2\/posts"}],"about":[{"href":"https:\/\/sertsc.org.br\/site\/wp-json\/wp\/v2\/types\/post"}],"author":[{"embeddable":true,"href":"https:\/\/sertsc.org.br\/site\/wp-json\/wp\/v2\/users\/1"}],"replies":[{"embeddable":true,"href":"https:\/\/sertsc.org.br\/site\/wp-json\/wp\/v2\/comments?post=6064"}],"version-history":[{"count":0,"href":"https:\/\/sertsc.org.br\/site\/wp-json\/wp\/v2\/posts\/6064\/revisions"}],"wp:featuredmedia":[{"embeddable":true,"href":"https:\/\/sertsc.org.br\/site\/wp-json\/"}],"wp:attachment":[{"href":"https:\/\/sertsc.org.br\/site\/wp-json\/wp\/v2\/media?parent=6064"}],"wp:term":[{"taxonomy":"category","embeddable":true,"href":"https:\/\/sertsc.org.br\/site\/wp-json\/wp\/v2\/categories?post=6064"},{"taxonomy":"post_tag","embeddable":true,"href":"https:\/\/sertsc.org.br\/site\/wp-json\/wp\/v2\/tags?post=6064"}],"curies":[{"name":"wp","href":"https:\/\/api.w.org\/{rel}","templated":true}]}}