{"id":6051,"date":"2017-10-27T15:59:58","date_gmt":"2017-10-27T17:59:58","guid":{"rendered":"http:\/\/www.sertsc.org.br\/site\/?p=6051"},"modified":"2017-10-27T15:59:58","modified_gmt":"2017-10-27T17:59:58","slug":"secretaria-do-ministerio-das-comunicacoes-compartilha-perspectivas-para-2018","status":"publish","type":"post","link":"https:\/\/sertsc.org.br\/site\/secretaria-do-ministerio-das-comunicacoes-compartilha-perspectivas-para-2018\/","title":{"rendered":"Secret\u00e1ria do Minist\u00e9rio das Comunica\u00e7\u00f5es compartilha perspectivas para 2018"},"content":{"rendered":"<div>A secret\u00e1ria de Radiodifus\u00e3o do Minist\u00e9rio da Ci\u00eancia, Tecnologia, Inova\u00e7\u00f5es e Comunica\u00e7\u00f5es, Vanda Nogueira, compartilhou as perspectivas de trabalho do \u00f3rg\u00e3o em 2018. Antes, dividiu com os congressistas a pauta de 2017, que discutiu, entre outras demandas, a revis\u00e3o do Decreto de Migra\u00e7\u00e3o, n\u00ba 52.795\/1963, alterado em 22 de agosto deste ano. Nesta data, foi aprovado o Regulamento dos Servi\u00e7os de Radiodifus\u00e3o.<\/div>\n<div><\/div>\n<div>&#8220;Ap\u00f3s uma an\u00e1lise detalhada do decreto, foi identificado que alguns dos documentos cobrados eram obsoletos e que outros poderiam ser suprimidos, visando uma maior celeridade processual&#8221;, destacou Vanda, referindo-se \u00e0s mudan\u00e7as. Dentre elas, est\u00e1 a redu\u00e7\u00e3o do n\u00famero de pap\u00e9is de outorga, transfer\u00eancia indireta e renova\u00e7\u00e3o de outorga, que passaram de 27 para 13; de 23 para 3; e 23 para 12, respectivamente.<\/div>\n<div><\/div>\n<div>Al\u00e9m disso, ressaltou que a edi\u00e7\u00e3o do decreto impactar\u00e1 no tempo de tramita\u00e7\u00e3o destes processos. A m\u00e9dia anual para outorga deixar\u00e1 de levar oito anos para ocorrer em dois, enquanto a renova\u00e7\u00e3o da mesma poder\u00e1 se desenvolver em at\u00e9 um ano, quando antes levava seis. J\u00e1 as transfer\u00eancias acontecer\u00e3o em tr\u00eas meses.<\/div>\n<div><\/div>\n<div>Para 2018, estar\u00e3o em discuss\u00e3o, no m\u00ednimo, quatro t\u00f3picos. S\u00e3o eles: o reexame, junto \u00e0 Ag\u00eancia Nacional das Telecomunica\u00e7\u00f5es (Anatel), da faixa de frequ\u00eancia FM; a altera\u00e7\u00e3o das infra\u00e7\u00f5es e penalidades no setor; a realiza\u00e7\u00e3o do evento de assinatura da migra\u00e7\u00e3o das emissoras de servi\u00e7o AM para FM; e a revis\u00e3o das normas t\u00e9cnicas do MCTIC.<\/div>\n<div><\/div>\n<div>Fonte: Coletiva net.<\/div>\n","protected":false},"excerpt":{"rendered":"<p>A secret\u00e1ria de Radiodifus\u00e3o do Minist\u00e9rio da Ci\u00eancia, Tecnologia, Inova\u00e7\u00f5es&hellip;<\/p>\n<p> <a class=\"more-link\" href=\"https:\/\/sertsc.org.br\/site\/secretaria-do-ministerio-das-comunicacoes-compartilha-perspectivas-para-2018\/\">Leia mais<\/a><\/p>\n","protected":false},"author":1,"featured_media":6052,"comment_status":"closed","ping_status":"open","sticky":false,"template":"","format":"standard","meta":{"footnotes":""},"categories":[3],"tags":[67,50,70,65,51,62,43,52,63,66,64,71,53,54,46,60,47,56,61,58,69,59],"class_list":{"0":"post-6051","1":"post","2":"type-post","3":"status-publish","4":"format-standard","5":"has-post-thumbnail","7":"category-noticias","8":"tag-capacitacao","9":"tag-emissoras-de-radio","10":"tag-emissoras-de-radio-e-tv","11":"tag-emissoras-de-tv","12":"tag-encontro-regional","13":"tag-gestao","14":"tag-mctic","15":"tag-migracao-am-fm","16":"tag-planejamento-estrategico","17":"tag-radio-e-tv","18":"tag-redes-sociais","19":"tag-reforma-trabalhista","20":"tag-representante-patronal","21":"tag-santa-catarina","22":"tag-sc","23":"tag-seminarios","24":"tag-sertsc","25":"tag-sindicato-patronal","26":"tag-televisao","27":"tag-tv","28":"tag-tv-aberta","29":"tag-tv-digital"},"_links":{"self":[{"href":"https:\/\/sertsc.org.br\/site\/wp-json\/wp\/v2\/posts\/6051","targetHints":{"allow":["GET"]}}],"collection":[{"href":"https:\/\/sertsc.org.br\/site\/wp-json\/wp\/v2\/posts"}],"about":[{"href":"https:\/\/sertsc.org.br\/site\/wp-json\/wp\/v2\/types\/post"}],"author":[{"embeddable":true,"href":"https:\/\/sertsc.org.br\/site\/wp-json\/wp\/v2\/users\/1"}],"replies":[{"embeddable":true,"href":"https:\/\/sertsc.org.br\/site\/wp-json\/wp\/v2\/comments?post=6051"}],"version-history":[{"count":0,"href":"https:\/\/sertsc.org.br\/site\/wp-json\/wp\/v2\/posts\/6051\/revisions"}],"wp:featuredmedia":[{"embeddable":true,"href":"https:\/\/sertsc.org.br\/site\/wp-json\/"}],"wp:attachment":[{"href":"https:\/\/sertsc.org.br\/site\/wp-json\/wp\/v2\/media?parent=6051"}],"wp:term":[{"taxonomy":"category","embeddable":true,"href":"https:\/\/sertsc.org.br\/site\/wp-json\/wp\/v2\/categories?post=6051"},{"taxonomy":"post_tag","embeddable":true,"href":"https:\/\/sertsc.org.br\/site\/wp-json\/wp\/v2\/tags?post=6051"}],"curies":[{"name":"wp","href":"https:\/\/api.w.org\/{rel}","templated":true}]}}