{"id":6048,"date":"2017-10-27T10:12:42","date_gmt":"2017-10-27T12:12:42","guid":{"rendered":"http:\/\/www.sertsc.org.br\/site\/?p=6048"},"modified":"2017-10-27T10:12:42","modified_gmt":"2017-10-27T12:12:42","slug":"painel-fala-sobre-radio-am-e-midias-digitais","status":"publish","type":"post","link":"https:\/\/sertsc.org.br\/site\/painel-fala-sobre-radio-am-e-midias-digitais\/","title":{"rendered":"Painel fala sobre R\u00e1dio AM e M\u00eddias Digitais"},"content":{"rendered":"<p style=\"text-align: justify;\">O ambiente digital \u00e9 uma grande oportunidade de crescimento para o mercado da radiodifus\u00e3o. A tecnologia trouxe benef\u00edcios para o r\u00e1dio, al\u00e9m do rompimento de barreias de alcance. Atrav\u00e9s da internet o mundo todo p\u00f4de ter acesso ao r\u00e1dio e as informa\u00e7\u00f5es trazidas por ele.<\/p>\n<p style=\"text-align: justify;\">O portal tudoradio.com realizou um painel que abordou o case de sucesso da R\u00e1dio Banda B na converg\u00eancia entre as m\u00eddias. Al\u00e9m de Michel Micheleto, diretor executivo da R\u00e1dio Banda B AM 550 de Curitiba e diretor jur\u00eddico da Aerp, participou Aline Becker, social midia marketing.<\/p>\n<p style=\"text-align: justify;\">Confira o painel na \u00edntegra:<\/p>\n<p>https:\/\/www.youtube.com\/watch?v=KJFNE8jR5Ts<\/p>\n<p>Fonte: AERP.<\/p>\n","protected":false},"excerpt":{"rendered":"<p>O ambiente digital \u00e9 uma grande oportunidade de crescimento para&hellip;<\/p>\n<p> <a class=\"more-link\" href=\"https:\/\/sertsc.org.br\/site\/painel-fala-sobre-radio-am-e-midias-digitais\/\">Leia mais<\/a><\/p>\n","protected":false},"author":1,"featured_media":6049,"comment_status":"closed","ping_status":"open","sticky":false,"template":"","format":"standard","meta":{"footnotes":""},"categories":[3],"tags":[67,50,70,65,51,62,43,52,63,66,64,71,53,54,46,60,47,56,61,58,69,59],"class_list":{"0":"post-6048","1":"post","2":"type-post","3":"status-publish","4":"format-standard","5":"has-post-thumbnail","7":"category-noticias","8":"tag-capacitacao","9":"tag-emissoras-de-radio","10":"tag-emissoras-de-radio-e-tv","11":"tag-emissoras-de-tv","12":"tag-encontro-regional","13":"tag-gestao","14":"tag-mctic","15":"tag-migracao-am-fm","16":"tag-planejamento-estrategico","17":"tag-radio-e-tv","18":"tag-redes-sociais","19":"tag-reforma-trabalhista","20":"tag-representante-patronal","21":"tag-santa-catarina","22":"tag-sc","23":"tag-seminarios","24":"tag-sertsc","25":"tag-sindicato-patronal","26":"tag-televisao","27":"tag-tv","28":"tag-tv-aberta","29":"tag-tv-digital"},"_links":{"self":[{"href":"https:\/\/sertsc.org.br\/site\/wp-json\/wp\/v2\/posts\/6048","targetHints":{"allow":["GET"]}}],"collection":[{"href":"https:\/\/sertsc.org.br\/site\/wp-json\/wp\/v2\/posts"}],"about":[{"href":"https:\/\/sertsc.org.br\/site\/wp-json\/wp\/v2\/types\/post"}],"author":[{"embeddable":true,"href":"https:\/\/sertsc.org.br\/site\/wp-json\/wp\/v2\/users\/1"}],"replies":[{"embeddable":true,"href":"https:\/\/sertsc.org.br\/site\/wp-json\/wp\/v2\/comments?post=6048"}],"version-history":[{"count":0,"href":"https:\/\/sertsc.org.br\/site\/wp-json\/wp\/v2\/posts\/6048\/revisions"}],"wp:featuredmedia":[{"embeddable":true,"href":"https:\/\/sertsc.org.br\/site\/wp-json\/"}],"wp:attachment":[{"href":"https:\/\/sertsc.org.br\/site\/wp-json\/wp\/v2\/media?parent=6048"}],"wp:term":[{"taxonomy":"category","embeddable":true,"href":"https:\/\/sertsc.org.br\/site\/wp-json\/wp\/v2\/categories?post=6048"},{"taxonomy":"post_tag","embeddable":true,"href":"https:\/\/sertsc.org.br\/site\/wp-json\/wp\/v2\/tags?post=6048"}],"curies":[{"name":"wp","href":"https:\/\/api.w.org\/{rel}","templated":true}]}}