{"id":5924,"date":"2017-10-18T08:50:48","date_gmt":"2017-10-18T10:50:48","guid":{"rendered":"http:\/\/www.sertsc.org.br\/site\/?p=5924"},"modified":"2017-10-18T08:50:48","modified_gmt":"2017-10-18T10:50:48","slug":"mudanca-na-composicao-do-gired","status":"publish","type":"post","link":"https:\/\/sertsc.org.br\/site\/mudanca-na-composicao-do-gired\/","title":{"rendered":"Mudan\u00e7a na composi\u00e7\u00e3o do GIRED"},"content":{"rendered":"<div class=\"itemIntroText\">\n<p style=\"text-align: justify;\">Portaria da Ag\u00eancia Nacional de Telecomunica\u00e7\u00f5es (ANATEL), publicada no Di\u00e1rio Oficial da Uni\u00e3o, na sexta-feira (13), alterou a composi\u00e7\u00e3o do Grupo de Implanta\u00e7\u00e3o do Processo de Redistribui\u00e7\u00e3o e Digitaliza\u00e7\u00e3o de Canais de TV e RTV (GIRED).<\/p>\n<\/div>\n<div class=\"itemFullText\">\n<p style=\"text-align: justify;\">Representando as empresas de telecomunica\u00e7\u00f5es, Leandro Enrique Lobo Guerra entra na vaga de suplente de \u00c1tila Ara\u00fajo Branco.<\/p>\n<p style=\"text-align: justify;\">Daniel Slaviero, Fl\u00e1vio Lara Resende, Raymundo Barros e Andr\u00e9 Felipe Trindade s\u00e3o os representantes titulares da radiofus\u00e3o. Na supl\u00eancia, seguem Luis Roberto Antonik, Cristiano Lobato Flores, Fernando Luz de Azevedo e Evelin Brisolla.<\/p>\n<p style=\"text-align: justify;\">Presidido por Juarez Quadros, tamb\u00e9m presidente da ANATEL, o GIRED tem como objetivo trabalhar na limpeza da faixa de 700 MHz para o ingresso da banda larga 4G no Brasil, assim como resolver as poss\u00edveis interfer\u00eancias no sistema de radiocomunica\u00e7\u00e3o, entre a televis\u00e3o digital e a telefonia celular.<\/p>\n<p style=\"text-align: justify;\">Tem ainda a tarefa de disciplinar e fiscalizar a implanta\u00e7\u00e3o do processo de redistribui\u00e7\u00e3o de canais de TV e RTV e de acompanhar os procedimentos operacionais da EAD, Entidade Administradora do Processo de Redistribui\u00e7\u00e3o e Digitaliza\u00e7\u00e3o de Canais de TV e RTV (Seja Digital).<\/p>\n<p style=\"text-align: justify;\">Fonte: ABERT.<\/p>\n<\/div>\n","protected":false},"excerpt":{"rendered":"<p>Portaria da Ag\u00eancia Nacional de Telecomunica\u00e7\u00f5es (ANATEL), publicada no Di\u00e1rio&hellip;<\/p>\n<p> <a class=\"more-link\" href=\"https:\/\/sertsc.org.br\/site\/mudanca-na-composicao-do-gired\/\">Leia mais<\/a><\/p>\n","protected":false},"author":1,"featured_media":5725,"comment_status":"closed","ping_status":"open","sticky":false,"template":"","format":"standard","meta":{"footnotes":""},"categories":[3],"tags":[67,50,70,65,51,62,43,52,63,66,64,71,53,54,46,60,47,56,61,58,69,59],"class_list":{"0":"post-5924","1":"post","2":"type-post","3":"status-publish","4":"format-standard","5":"has-post-thumbnail","7":"category-noticias","8":"tag-capacitacao","9":"tag-emissoras-de-radio","10":"tag-emissoras-de-radio-e-tv","11":"tag-emissoras-de-tv","12":"tag-encontro-regional","13":"tag-gestao","14":"tag-mctic","15":"tag-migracao-am-fm","16":"tag-planejamento-estrategico","17":"tag-radio-e-tv","18":"tag-redes-sociais","19":"tag-reforma-trabalhista","20":"tag-representante-patronal","21":"tag-santa-catarina","22":"tag-sc","23":"tag-seminarios","24":"tag-sertsc","25":"tag-sindicato-patronal","26":"tag-televisao","27":"tag-tv","28":"tag-tv-aberta","29":"tag-tv-digital"},"_links":{"self":[{"href":"https:\/\/sertsc.org.br\/site\/wp-json\/wp\/v2\/posts\/5924","targetHints":{"allow":["GET"]}}],"collection":[{"href":"https:\/\/sertsc.org.br\/site\/wp-json\/wp\/v2\/posts"}],"about":[{"href":"https:\/\/sertsc.org.br\/site\/wp-json\/wp\/v2\/types\/post"}],"author":[{"embeddable":true,"href":"https:\/\/sertsc.org.br\/site\/wp-json\/wp\/v2\/users\/1"}],"replies":[{"embeddable":true,"href":"https:\/\/sertsc.org.br\/site\/wp-json\/wp\/v2\/comments?post=5924"}],"version-history":[{"count":0,"href":"https:\/\/sertsc.org.br\/site\/wp-json\/wp\/v2\/posts\/5924\/revisions"}],"wp:featuredmedia":[{"embeddable":true,"href":"https:\/\/sertsc.org.br\/site\/wp-json\/"}],"wp:attachment":[{"href":"https:\/\/sertsc.org.br\/site\/wp-json\/wp\/v2\/media?parent=5924"}],"wp:term":[{"taxonomy":"category","embeddable":true,"href":"https:\/\/sertsc.org.br\/site\/wp-json\/wp\/v2\/categories?post=5924"},{"taxonomy":"post_tag","embeddable":true,"href":"https:\/\/sertsc.org.br\/site\/wp-json\/wp\/v2\/tags?post=5924"}],"curies":[{"name":"wp","href":"https:\/\/api.w.org\/{rel}","templated":true}]}}